{"id":5131,"date":"2022-12-12T16:19:06","date_gmt":"2022-12-12T16:19:06","guid":{"rendered":"https:\/\/krankenhauspfarramt.de\/index.php\/2022\/12\/12\/trost-und-hoffnung-fuer-politisch-gefangene-in-belarus-ekd\/"},"modified":"2022-12-12T16:19:07","modified_gmt":"2022-12-12T16:19:07","slug":"trost-und-hoffnung-fuer-politisch-gefangene-in-belarus-ekd","status":"publish","type":"post","link":"https:\/\/krankenhauspfarramt.de\/index.php\/2022\/12\/12\/trost-und-hoffnung-fuer-politisch-gefangene-in-belarus-ekd\/","title":{"rendered":"Trost und Hoffnung f\u00fcr politisch Gefangene in Belarus \u2013 EKD"},"content":{"rendered":"<p> <br \/>\n<\/p>\n<div id=\"\">\n<div class=\"article--meta article--meta__border clearfix\">\n<p>                                    <time datetime=\"12.12.2022 10:00\" class=\"article--time\">12.12.2022<\/time><\/p>\n<p>                                     <strong class=\"article--type primus--overline\">Pressemitteilung<\/strong><\/p>\n<picture class=\"article--source-image image\"><source srcset=\"https:\/\/www.ekd.de\/ekd_de\/ds_img\/assets\/20170622_ekd-Quellenlogo_141_rdax_423x118.png\"><!--<source srcset=\"\/ekd_de\/ds_img\/assets\/20170622_ekd-Quellenlogo_141_rdax_141x39.png 1x, \/ekd_de\/ds_img\/assets\/20170622_ekd-Quellenlogo_141_rdax_282x78.png 2x, https:\/\/www.ekd.de\/ekd_de\/ds_img\/assets\/20170622_ekd-Quellenlogo_141_rdax_423x118.png 3x\">--><\/p>\n<p>    <\/source><\/picture>\n<\/p><\/div>\n<h2 class=\"article--sub-headline primus--sub-headline\">Anna-Nicole Heinrich, Pr\u00e4ses der EKD-Synode, und Ruprecht Polenz, Pr\u00e4sident der DGO, setzen ein Zeichen gegen das Vergessen<\/h2>\n<\/p><\/div>\n<div id=\"\">\n<p class=\"EKDAdressdaten\">Mit pers\u00f6nlichen Briefen wollen die Pr\u00e4ses der Synode der Evangelischen Kirche in Deutschland (EKD), Anna-Nicole Heinrich, und der Pr\u00e4sident der Deutschen Gesellschaft f\u00fcr Osteuropakunde (DGO), Ruprecht Polenz, politisch Gefangenen in Belarus in der Vorweihnachtszeit ein Zeichen der Solidarit\u00e4t und Hoffnung senden. \u201e1448 Menschen sind aktuell in Belarus unschuldig in Haft, nur weil sie sich f\u00fcr Freiheit, Demokratie und Menschenrechte eingesetzt haben. Fast t\u00e4glich gibt es neue Verhaftungen\u201c, sagt Anna-Nicole Heinrich. Die Menschen w\u00fcrden zu jahrelangen Haftstrafen verurteilt und damit zum Vergessenwerden verdammt. \u201eGenau das will das menschenverachtende Regime in Belarus: Die Inhaftierten sollen vergessen werden. Umso wichtiger ist es, Kontakt zu halten: Gerade jetzt zu Weihnachten wollen wir als politisches Zeichen Trost und Hoffnung in die Einsamkeit der Haft schicken. Schlie\u00dfen Sie sich der Aktion an und schicken Sie ebenfalls Briefe nach Belarus\u201c, so die Bitte von Pr\u00e4ses Heinrich. Ruprecht Polenz betont: \u201eJedes Zeichen der Solidarit\u00e4t ist wichtig. So dunkel die Zeiten erscheinen m\u00f6gen und so wenig Hoffnung am Horizont zu erkennen ist: Wir wissen, dass sich in Belarus im August 2020 etwas f\u00fcr immer ge\u00e4ndert hat: Die Gesellschaft fordert ihre Rechte ein.\u201c<\/p>\n<p class=\"EKDAdressdaten\">Gemeinsam bekr\u00e4ftigen Heinrich und Polenz: \u201eEs wird die Zeit kommen, dass die Menschen in Belarus in einem rechtsstaatlichen, demokratischen Land leben werden. Diesen Traum und diese Hoffnung geben wir nicht auf.\u201d<\/p>\n<p class=\"EKDAdressdaten\">Pr\u00e4ses Anna-Nicole Heinrich schrieb an die Journalistin Kacjaryna Andr\u0117eva: \u201eDu und die vielen anderen Gefangenen erinnern alle Menschen in Europa daran, wie kostbar und wenig selbstverst\u00e4ndlich ein Leben in Freiheit und W\u00fcrde ist. Und wie wichtig es ist, f\u00fcr die Freiheit zu k\u00e4mpfen! [&#8230;] Ich hoffe sehr, dass mein Brief bei Dir ankommt \u2013 und damit meine W\u00fcnsche und meine gro\u00dfe Hoffnung, dass Du Deine Kraft und Deinen Mut nicht verlierst! Deine Familie und Freunde, die \u00d6ffentlichkeit und die Medien \u2013 wir alle brauchen Menschen wie Dich, die f\u00fcr die Freiheit, die Menschenrechte einstehen.\u201c<\/p>\n<p class=\"EKDAdressdaten\">Kacjaryna Andr\u0117eva (geboren 1993) arbeitete als Journalistin f\u00fcr den Fernsehsender Belsat TV. Am 15. November 2020 wurde sie verhaftet, nachdem sie in einer Live-Sendung \u00fcber eine Demonstration in Minsk berichtet hatte, bei der Sicherheitskr\u00e4fte brutal gegen Hunderte Demonstranten vorgingen. Zun\u00e4chst wurde sie zu einer Haftstrafe von zwei Jahren verurteilt. Wenige Wochen vor ihrer Freilassung wurde sie am 13. Juli 2022 wegen angeblichen Hochverrats zu weiteren acht Jahren und drei Monaten Gef\u00e4ngnis verurteilt.<\/p>\n<p class=\"EKDAdressdaten\">Ruprecht Polenz schrieb an den Juristen Maksim Znak: \u201eWir wissen, dass Sie alleine deswegen zu zehn Jahren Strafkolonie verurteilt wurden, weil Sie mit den blo\u00dfen Mitteln des Rechts diejenigen verteidigt haben, die sich f\u00fcr Freiheit und Demokratie, gegen Unterdr\u00fcckung und Wahlf\u00e4lschung engagiert haben. Sie sind nicht vergessen! Wir warten darauf, Sie eines Tages in nicht allzu ferner Zukunft als B\u00fcrger eines freien Belarus in Deutschland begr\u00fc\u00dfen zu k\u00f6nnen.\u201c<\/p>\n<p class=\"EKDAdressdaten\">Maksim Znak (geboren 1981) ist international anerkannter Jurist und war Rechtsanwalt von Maria Kalesnikowa, der Hoffnungstr\u00e4gerin des friedlichen Aufbruchs in Belarus. Znak wurde Anfang September 2020 festgenommen und ein Jahr sp\u00e4ter wegen Verschw\u00f6rung zum Zwecke eines Umsturzes und Gr\u00fcndung einer Terrororganisation zu einer Haftstrafe von 10 Jahren verurteilt. Den Alltag in belarussischen Gef\u00e4ngnissen hat er in dem Buch \u201eZekamerone. Geschichten aus dem Gef\u00e4ngnis\u201c festgehalten, das im Januar 2023 in Deutschland erscheint.<\/p>\n<p class=\"EKDAdressdaten\"><strong>Hintergrund<\/strong><\/p>\n<p class=\"EKDAdressdaten\">EKD und DGO rufen seit Dezember 2020 gemeinsam mit der belarussischen Menschenrechtsorganisation Vjasna zur Solidarit\u00e4t mit allen Inhaftierten auf und setzen sich f\u00fcr ihre Freilassung ein. Auf der Aktionswebseite www.100xSolidarit\u00e4t.de sind die Namen und Schicksale der aktuell 1448 politischen Gefangenen in Belarus ver\u00f6ffentlicht \u2013 und sie bietet die M\u00f6glichkeit, unkompliziert eine <span style=\"background:white\">Briefvorlage zu erstellen und abzuschicken<\/span>. Unterst\u00fctzt wird die Aktion durch zahlreiche Pers\u00f6nlichkeiten des \u00f6ffentlichen Lebens in Deutschland, darunter der Philosoph J\u00fcrgen Habermas, die Literaturnobelpreistr\u00e4gerin Herta M\u00fcller, Ministerpr\u00e4sident Bodo Ramelow, die Publizistin Carolin Emcke, die Musikerin Anne-Sophie Mutter, der Regisseur Milo Rau, die Schriftstellerin Sibylle Berg und viele andere.<\/p>\n<p class=\"EKDAdressdaten\">Hannover, 12. Dezember 2022<\/p>\n<p class=\"EKDAdressdaten\">Pressestelle der EKD<br \/>Carsten Splitt<\/p>\n<\/div>\n","protected":false},"excerpt":{"rendered":"<p>12.12.2022 Pressemitteilung Anna-Nicole Heinrich, Pr\u00e4ses der EKD-Synode, und Ruprecht Polenz, Pr\u00e4sident der DGO, setzen ein Zeichen gegen das Vergessen Mit<\/p>\n","protected":false},"author":1,"featured_media":569,"comment_status":"closed","ping_status":"closed","sticky":false,"template":"","format":"standard","meta":{"footnotes":""},"categories":[20],"tags":[],"_links":{"self":[{"href":"https:\/\/krankenhauspfarramt.de\/index.php\/wp-json\/wp\/v2\/posts\/5131"}],"collection":[{"href":"https:\/\/krankenhauspfarramt.de\/index.php\/wp-json\/wp\/v2\/posts"}],"about":[{"href":"https:\/\/krankenhauspfarramt.de\/index.php\/wp-json\/wp\/v2\/types\/post"}],"author":[{"embeddable":true,"href":"https:\/\/krankenhauspfarramt.de\/index.php\/wp-json\/wp\/v2\/users\/1"}],"replies":[{"embeddable":true,"href":"https:\/\/krankenhauspfarramt.de\/index.php\/wp-json\/wp\/v2\/comments?post=5131"}],"version-history":[{"count":1,"href":"https:\/\/krankenhauspfarramt.de\/index.php\/wp-json\/wp\/v2\/posts\/5131\/revisions"}],"predecessor-version":[{"id":5132,"href":"https:\/\/krankenhauspfarramt.de\/index.php\/wp-json\/wp\/v2\/posts\/5131\/revisions\/5132"}],"wp:featuredmedia":[{"embeddable":true,"href":"https:\/\/krankenhauspfarramt.de\/index.php\/wp-json\/wp\/v2\/media\/569"}],"wp:attachment":[{"href":"https:\/\/krankenhauspfarramt.de\/index.php\/wp-json\/wp\/v2\/media?parent=5131"}],"wp:term":[{"taxonomy":"category","embeddable":true,"href":"https:\/\/krankenhauspfarramt.de\/index.php\/wp-json\/wp\/v2\/categories?post=5131"},{"taxonomy":"post_tag","embeddable":true,"href":"https:\/\/krankenhauspfarramt.de\/index.php\/wp-json\/wp\/v2\/tags?post=5131"}],"curies":[{"name":"wp","href":"https:\/\/api.w.org\/{rel}","templated":true}]}}