{"id":5136,"date":"2022-12-13T08:49:23","date_gmt":"2022-12-13T08:49:23","guid":{"rendered":"https:\/\/krankenhauspfarramt.de\/index.php\/2022\/12\/13\/suedsudan-ist-schwerpunkt-von-oekumenischem-friedensgebet-2023-ekd\/"},"modified":"2022-12-13T08:49:24","modified_gmt":"2022-12-13T08:49:24","slug":"suedsudan-ist-schwerpunkt-von-oekumenischem-friedensgebet-2023-ekd","status":"publish","type":"post","link":"https:\/\/krankenhauspfarramt.de\/index.php\/2022\/12\/13\/suedsudan-ist-schwerpunkt-von-oekumenischem-friedensgebet-2023-ekd\/","title":{"rendered":"S\u00fcdsudan ist Schwerpunkt von \u00f6kumenischem Friedensgebet 2023 \u2013 EKD"},"content":{"rendered":"<p> <br \/>\n<\/p>\n<div id=\"\">\n<p>Hamburg\/Aachen\/M\u00fcnchen (epd). Das \u00f6kumenische Friedensgebet 2023 soll den Blick auf den S\u00fcdsudan lenken. Auch nach dem B\u00fcrgerkrieg von 2013 bis 2018 und trotz zweier Friedensabkommen sei das Land von Gewalt gezeichnet, erkl\u00e4rte das internationale katholische Missionswerk missio Aachen am Montag. Seit 2003 bieten die Missionswerke missio Aachen und missio M\u00fcnchen und die Evangelische Mission Weltweit (EMW) dieses Gebet f\u00fcr Friedensveranstaltungen oder Gottesdienste an.<\/p>\n<p>Hungersn\u00f6te, Auswirkungen des Klimawandels, etwa in Form von schwersten \u00dcberschwemmungen, \u201etragen zus\u00e4tzlich zum Leid der Menschen bei\u201c, hie\u00df es weiter. Die Bev\u00f6lkerung leide zudem unter medizinischer Unterversorgung, gro\u00dfen sozialen Ungleichheiten sowie einer mangelnden Infrastruktur und Korruption.<\/p>\n<p>Das Friedensgebet 2023 sei ein Geschenk des S\u00fcdsudanesischen Kirchenrats, ein \u00f6kumenisches Gremium, das sich den Angaben zufolge aus sieben Mitgliedskirchen und assoziierten Kirchen im S\u00fcdsudan zusammensetzt. Die Geschichte des 2013 gegr\u00fcndeten S\u00fcdsudanesischen Kirchenrats gehe zur\u00fcck auf den 1965 im damaligen Gesamtsudan von der katholischen, der episkopalen (anglikanischen) und der presbyterianischen Kirche ins Leben gerufenen Sudanesischen Kirchenrat.<\/p>\n<hr\/>\n<p>\u00a0<\/p>\n<p style=\"text-align:center\"><strong>Das Gebet:<\/strong><\/p>\n<p style=\"text-align:center\">Allm\u00e4chtiger Gott,<br \/>F\u00fcrst und Herr des Lebens,<br \/>taufe uns mit deinem Frieden.<\/p>\n<p>Wir brauchen Frieden, im S\u00fcdsudan*<br \/>und in so vielen Regionen unserer Welt.<br \/>Gegen unsere \u00c4ngste preisen wir Gottes Macht.<br \/>Gegen Selbstgef\u00e4lligkeit und Hass preisen wir die Liebe Christi.<br \/>Gegen Sinnlosigkeit und Gewalt preisen wir die verwandelnde Gegenwart des Heiligen Geistes.<\/p>\n<p>Wir gedenken unserer Geschwister, die durch Gewalt vertrieben wurden,<br \/>die in den sumpfigen und \u00fcberschwemmten Niederungen ihrer Heimat und in den Fl\u00fcchtlingssiedlungen ihrer Nachbarl\u00e4nder Ruhe und Frieden suchen,<br \/>die nicht mehr wissen, was sie tun sollen, weil Schmerz und Tr\u00e4nen ihr t\u00e4gliches Brot geworden sind.<br \/>Gib denen, die ungerechte Gewalt aus\u00fcben, die Einsicht, dass ein gutes Leben ein gemeinsames Leben ist.<\/p>\n<p>Gott, lass uns Frieden stiften und nicht den Krieg f\u00f6rdern.<br \/>Lass uns vers\u00f6hnen und nicht beitragen zu Spaltungen zwischen Menschen, Gruppen und V\u00f6lkern.<br \/>Erneuere unsere Herzen und H\u00e4nde mit deiner Liebe und Barmherzigkeit.<br \/>Hilf uns, nicht nur \u00fcber Frieden zu reden,<br \/>sondern mit aller Kraft f\u00fcr ihn zu arbeiten.<\/p>\n<p>Gott, lass deinen Frieden einkehren in unsere Familien,<br \/>in unsere Kirchen und in unsere Welt.<br \/>Mache uns zu Werkzeugen deines Friedens,<br \/>wo immer wir sind und was immer wir tun.<\/p>\n<p>Amen.<\/p>\n<\/div>\n<div id=\"\">\n<div class=\"article--downloads download\">\n<figure class=\"image image__float\" style=\"z-index: 4; position: relative;\">\n            <picture><source srcset=\"https:\/\/www.ekd.de\/ekd_de\/ds_img\/assets_789_x\/20221212_oekumenisches-friedensgebet-2023--400_rdax_263x371_60.jpg 1x, https:\/\/www.ekd.de\/ekd_de\/ds_img\/assets_789_x\/20221212_oekumenisches-friedensgebet-2023--400_rdax_60.jpg 2x, https:\/\/www.ekd.de\/ekd_de\/ds_img\/assets_789_x\/20221212_oekumenisches-friedensgebet-2023--400_rdax_60.jpg 3x\"><\/source><\/picture>\n<\/figure>\n<p><h3 class=\"primus--sub-headline\">\u00d6kumenisches Friedensgebet 2023<\/h3>\n<\/p>\n<p>Weitere Informationen zum \u00d6kumenischen Friedensgebet auf der Website.<\/p>\n<\/p><\/div>\n<\/div>\n","protected":false},"excerpt":{"rendered":"<p>Hamburg\/Aachen\/M\u00fcnchen (epd). Das \u00f6kumenische Friedensgebet 2023 soll den Blick auf den S\u00fcdsudan lenken. Auch nach dem B\u00fcrgerkrieg von 2013 bis<\/p>\n","protected":false},"author":1,"featured_media":5137,"comment_status":"closed","ping_status":"closed","sticky":false,"template":"","format":"standard","meta":{"footnotes":""},"categories":[20],"tags":[],"_links":{"self":[{"href":"https:\/\/krankenhauspfarramt.de\/index.php\/wp-json\/wp\/v2\/posts\/5136"}],"collection":[{"href":"https:\/\/krankenhauspfarramt.de\/index.php\/wp-json\/wp\/v2\/posts"}],"about":[{"href":"https:\/\/krankenhauspfarramt.de\/index.php\/wp-json\/wp\/v2\/types\/post"}],"author":[{"embeddable":true,"href":"https:\/\/krankenhauspfarramt.de\/index.php\/wp-json\/wp\/v2\/users\/1"}],"replies":[{"embeddable":true,"href":"https:\/\/krankenhauspfarramt.de\/index.php\/wp-json\/wp\/v2\/comments?post=5136"}],"version-history":[{"count":1,"href":"https:\/\/krankenhauspfarramt.de\/index.php\/wp-json\/wp\/v2\/posts\/5136\/revisions"}],"predecessor-version":[{"id":5138,"href":"https:\/\/krankenhauspfarramt.de\/index.php\/wp-json\/wp\/v2\/posts\/5136\/revisions\/5138"}],"wp:featuredmedia":[{"embeddable":true,"href":"https:\/\/krankenhauspfarramt.de\/index.php\/wp-json\/wp\/v2\/media\/5137"}],"wp:attachment":[{"href":"https:\/\/krankenhauspfarramt.de\/index.php\/wp-json\/wp\/v2\/media?parent=5136"}],"wp:term":[{"taxonomy":"category","embeddable":true,"href":"https:\/\/krankenhauspfarramt.de\/index.php\/wp-json\/wp\/v2\/categories?post=5136"},{"taxonomy":"post_tag","embeddable":true,"href":"https:\/\/krankenhauspfarramt.de\/index.php\/wp-json\/wp\/v2\/tags?post=5136"}],"curies":[{"name":"wp","href":"https:\/\/api.w.org\/{rel}","templated":true}]}}