{"id":5142,"date":"2022-12-14T10:59:42","date_gmt":"2022-12-14T10:59:42","guid":{"rendered":"https:\/\/krankenhauspfarramt.de\/index.php\/2022\/12\/14\/frank-hofmann-wird-neuer-pressesprecher-der-velkd-ekd\/"},"modified":"2022-12-14T10:59:43","modified_gmt":"2022-12-14T10:59:43","slug":"frank-hofmann-wird-neuer-pressesprecher-der-velkd-ekd","status":"publish","type":"post","link":"https:\/\/krankenhauspfarramt.de\/index.php\/2022\/12\/14\/frank-hofmann-wird-neuer-pressesprecher-der-velkd-ekd\/","title":{"rendered":"Frank Hofmann wird neuer Pressesprecher der VELKD \u2013 EKD"},"content":{"rendered":"<p> <br \/>\n<\/p>\n<div id=\"\">\n<div class=\"article--meta article--meta__border clearfix\">\n<p>                                    <time datetime=\"14.12.2022 10:00\" class=\"article--time\">14.12.2022<\/time><\/p>\n<p>                                     <strong class=\"article--type primus--overline\">Pressemitteilung<\/strong><\/p>\n<picture class=\"article--source-image image\"><source srcset=\"https:\/\/www.ekd.de\/ekd_de\/ds_img\/assets\/velkd.jpg\"><!--<source srcset=\"\/ekd_de\/ds_img\/assets\/velkd_rdax_141x141.jpg 1x, \/ekd_de\/ds_img\/assets\/velkd_rdax_282x282.jpg 2x, https:\/\/www.ekd.de\/ekd_de\/ds_img\/assets\/velkd.jpg 3x\">--><\/p>\n<p>    <\/source><\/picture>\n<\/p><\/div><\/div>\n<div id=\"\">\n<p class=\"VELKDFlietext\"><span style=\"line-height:14pt\">Die Kirchenleitung der Vereinigten Evangelisch-Lutherischen Kirche Deutschlands (VELKD) hat Dr. Frank Hofmann zum neuen Referenten \u201eLeitung Kommunikation\u201c der VELKD berufen. Der 60-j\u00e4hrige Theologe und Journalist wird k\u00fcnftig zugleich die Leitung des Amtsbereichs der VELKD bei der Wahrnehmung ihrer Aufgaben unterst\u00fctzen. Er tritt die Nachfolge von Pastorin Henrike M\u00fcller an.<\/span><\/p>\n<p class=\"VELKDFlietext\"><span style=\"line-height:14pt\">Hofmann sagte zu seiner Berufung: \u201eIch freue mich sehr darauf, lutherische Theologie und die vielseitige Arbeit der VELKD zeitgem\u00e4\u00df inner- und au\u00dferkirchlich vermitteln zu d\u00fcrfen.\u201c Er wird am 1. Januar 2023 seinen Dienst antreten. <\/span><\/p>\n<p class=\"VELKDFlietext\"><span style=\"line-height:normal\">Frank Hofmann studierte zun\u00e4chst Philosophie und Germanistik und promovierte 1987 zum Doktor der Philosophie. Schon fr\u00fch entdeckte er seine Leidenschaft f\u00fcr den Journalismus und sammelte Erfahrungen bei \u201eMotorrad\u201c, \u201eauto motor und sport\u201c und beim \u201eStern\u201c. Er wurde Chefredakteur und Herausgeber der deutschen Ausgabe von \u201eMen\u2019s Health\u201c. Sp\u00e4ter konzipierte er das Life-Style-Magazin \u201eBest Life\u201c und wurde Chefredakteur von \u201eRunner\u2019s World\u201c. 2014 bis 2022 war er Chefredakteur des \u00f6kumenischen Vereins \u201eAndere Zeiten\u201c, der mit dem Kalender \u201eDer Andere Advent\u201c eines der erfolgreichsten religi\u00f6sen Printprodukte in Deutschland herausgibt. In diesen Jahren studierte er auch Theologie und wurde zum Doktor der Theologie promoviert. Frank\u00a0Hofmann lebt mit seiner Familie in Hamburg.<\/span><\/p>\n<p class=\"VELKDFlietext\"><span style=\"line-height:14pt\"><em>Hinweis: Ein Portr\u00e4tfoto von Frank Hofmann kann heruntergeladen werden unter: <\/em><em>www.velkd.de\/images\/Frank-Hofmann.jpg<\/em><em>.<\/em><\/span><\/p>\n<p class=\"VELKDFlietext\"><span style=\"line-height:14pt\">Hannover, 14. Dezember 2022<\/span><\/p>\n<p class=\"VELKDFlietext\"><span style=\"line-height:14pt\">Vizepr\u00e4sident Dr. Horst Gorski<\/span><br \/><span style=\"line-height:normal\">Leiter des Amtsbereiches der VELKD im Kirchenamt der EKD<\/span><\/p>\n<\/div>\n","protected":false},"excerpt":{"rendered":"<p>14.12.2022 Pressemitteilung Die Kirchenleitung der Vereinigten Evangelisch-Lutherischen Kirche Deutschlands (VELKD) hat Dr. Frank Hofmann zum neuen Referenten \u201eLeitung Kommunikation\u201c der<\/p>\n","protected":false},"author":1,"featured_media":611,"comment_status":"closed","ping_status":"closed","sticky":false,"template":"","format":"standard","meta":{"footnotes":""},"categories":[20],"tags":[],"_links":{"self":[{"href":"https:\/\/krankenhauspfarramt.de\/index.php\/wp-json\/wp\/v2\/posts\/5142"}],"collection":[{"href":"https:\/\/krankenhauspfarramt.de\/index.php\/wp-json\/wp\/v2\/posts"}],"about":[{"href":"https:\/\/krankenhauspfarramt.de\/index.php\/wp-json\/wp\/v2\/types\/post"}],"author":[{"embeddable":true,"href":"https:\/\/krankenhauspfarramt.de\/index.php\/wp-json\/wp\/v2\/users\/1"}],"replies":[{"embeddable":true,"href":"https:\/\/krankenhauspfarramt.de\/index.php\/wp-json\/wp\/v2\/comments?post=5142"}],"version-history":[{"count":1,"href":"https:\/\/krankenhauspfarramt.de\/index.php\/wp-json\/wp\/v2\/posts\/5142\/revisions"}],"predecessor-version":[{"id":5143,"href":"https:\/\/krankenhauspfarramt.de\/index.php\/wp-json\/wp\/v2\/posts\/5142\/revisions\/5143"}],"wp:featuredmedia":[{"embeddable":true,"href":"https:\/\/krankenhauspfarramt.de\/index.php\/wp-json\/wp\/v2\/media\/611"}],"wp:attachment":[{"href":"https:\/\/krankenhauspfarramt.de\/index.php\/wp-json\/wp\/v2\/media?parent=5142"}],"wp:term":[{"taxonomy":"category","embeddable":true,"href":"https:\/\/krankenhauspfarramt.de\/index.php\/wp-json\/wp\/v2\/categories?post=5142"},{"taxonomy":"post_tag","embeddable":true,"href":"https:\/\/krankenhauspfarramt.de\/index.php\/wp-json\/wp\/v2\/tags?post=5142"}],"curies":[{"name":"wp","href":"https:\/\/api.w.org\/{rel}","templated":true}]}}