{"id":5144,"date":"2022-12-14T14:46:27","date_gmt":"2022-12-14T14:46:27","guid":{"rendered":"https:\/\/krankenhauspfarramt.de\/index.php\/2022\/12\/14\/26-11-2022-herbsttagung-der-landessynode-endet-mit-haushaltsbeschluessen-fuer-die-kommenden-jahre\/"},"modified":"2022-12-14T14:46:27","modified_gmt":"2022-12-14T14:46:27","slug":"26-11-2022-herbsttagung-der-landessynode-endet-mit-haushaltsbeschluessen-fuer-die-kommenden-jahre","status":"publish","type":"post","link":"https:\/\/krankenhauspfarramt.de\/index.php\/2022\/12\/14\/26-11-2022-herbsttagung-der-landessynode-endet-mit-haushaltsbeschluessen-fuer-die-kommenden-jahre\/","title":{"rendered":"26.11.2022 Herbsttagung der Landessynode endet mit Haushaltsbeschl\u00fcssen f\u00fcr die kommenden Jahre"},"content":{"rendered":"<p><img decoding=\"async\" src=\"https:\/\/www.elk-wue.de\/\" \/><\/p>\n<div id=\"c39596\">\n<header\/>\n<ul>\n<li>Unter dem Motto <strong>#miteinander<\/strong> werden die Mehrertr\u00e4ge aus der Energiepreispauschale ausschlie\u00dflich und unmittelbar zur Unterst\u00fctzung bed\u00fcrftiger und einkommensschwacher bzw. von den Verteuerungen besonders betroffener Menschen an einen Energiefonds weitergeleitet.<\/li>\n<li>Hauptthemen der Tagung: Doppelhaushalt 2023\/2024, Klimaschutzgesetz, Lage verfolgter Christen, Verwaltungsreform, Schwerpunkte und Posteriorit\u00e4ten, Planstellen im Pfarrdienst<\/li>\n<\/ul>\n<p>Stuttgart. Die 16. W\u00fcrttembergische Evangelische Landessynode hat am Samstag ihre Herbsttagung mit dem Beschluss des ersten Doppelhaushalts in der Geschichte der Landeskirche beendet. Ebenso hat die Landessynode am Samstag 14 Antr\u00e4ge f\u00fcr mittelfristige Ausgabenk\u00fcrzungen beschlossen, die dazu dienen, die Finanzen der Landeskirche auch langfristig tragf\u00e4hig zu halten.<\/p>\n<p>Dr. Fabian Peters aus dem Referat Haushalt und Steuern im Ev. Oberkirchenrat wies einleitend darauf hin, die Zahl der Kirchenaustritte sei 2022 bis einschlie\u00dflich Oktober gegen\u00fcber dem Vorjahreszeitraum um ein Drittel auf 1,5% gestiegen. Die Inflation wirke wie ein Katalysator auf das Austrittsgeschehen. Peters stellte dar, dass die hohe Inflation durch die Lohn-Preis-Spirale trotz hoher Austritte zwar ein steigendes Kirchensteueraufkommen generiere, doch die steigenden Ertr\u00e4ge die st\u00e4rker wachsenden Aufwendungen nicht deckten.\u00a0Der Oberkirchenrat plane mit einem Kirchensteueraufkommen von 820 Mio. Euro im Haushaltsjahr 2023 und 835 Mio. Euro im Haushaltsjahr 2024. Es erg\u00e4be sich aber im Jahr 2023 ein Fehlbetrag von 21,9 Mio. Euro und im Haushaltsjahr 2024 ein Fehlbetrag von 3,8 Mio. Euro. Deshalb seien Einsparungen n\u00f6tig. Der Evangelische Oberkirchenrat werde bis 2030 im landeskirchlichen Stellenplan 155 Stellen von Angestellten und Kirchenbeamten als &#8218;k\u00fcnftig wegfallend\u2019 vermerken.<\/p>\n<p>Mit Blick auf den Gesamtergebnishaushalt und die Mittel f\u00fcr Personal- und Versorgungsaufwand betonte Peters, dass mit den vorgehaltenen Pfarrstellen und weiteren landeskirchlichen Stellen Menschen ein Leben lang begleitet w\u00fcrden und Kirche in unserer Gesellschaft verl\u00e4sslich wirke. Dieser Aufwandsblock mache etwa zwei Drittel aller Aufwendungen aus.\u00a0\u00a0<\/p>\n<p>Die Landeskirche setze in den kommenden Jahren besondere Schwerpunkte, so Peters. Im Rahmen der Ma\u00dfnahmenplanung 2023 sind besondere Restrukturierungsmittel eingeplant. Zur Umsetzung des Klimaschutzgesetzes insgesamt 25,6 Mio. Euro f\u00fcr die Haushaltsjahre 2023\/2024 sowie 4,2 Mio. Euro in beiden Planjahren zur zus\u00e4tzlichen F\u00f6rderung von evangelischen Kindertageseinrichtungen. 3,0 Mio. Euro stehen zur Bek\u00e4mpfung von Fluchtursachen in Herkunftsl\u00e4ndern und 2,2 Mio. Euro in 2023 bzw. 2,4 Mio. Euro in 2024 f\u00fcr das Gemeindediakonat zur Verf\u00fcgung. Peters ging auch auf die zus\u00e4tzlichen Einnahmen in H\u00f6he von rund 5,2 Mio. Euro ein, die die Landeskirche im laufenden Jahr aufgrund der an alle Steuerpflichtigen ausgezahlten, einkommensteuer- und damit auch kirchensteuerpflichtigen Energiepreispauschale vereinnahmt.<\/p>\n<p>\u00a0<\/p>\n<p>Die Landeskirche wird unter dem Motto <strong>#miteinander<\/strong> diese Mehrertr\u00e4ge ausschlie\u00dflich und unmittelbar zur Unterst\u00fctzung bed\u00fcrftiger und einkommensschwacher bzw. von den Verteuerungen besonders betroffener Menschen an einen Energiefonds weiterleiten. Damit schlie\u00dft sich die Landeskirche einer entsprechenden Empfehlung der Evangelischen Kirche in Deutschland (EKD) und der Deutschen Bischofskonferenz (DBK) an.<\/p>\n<p>Dass die Landeskirche zum System eines Doppelhaushalts f\u00fcr zwei Planjahre wechsle, erkl\u00e4rte Peters damit, dass 97 Prozent des Haushaltes grunds\u00e4tzlich auf einer Fortschreibung der bisherigen Arbeit beruhe und nur 3 Prozent kontrovers diskutiert w\u00fcrden. F\u00fcr zwei Jahre zu planen, reduziere den Aufwand. Schwerpunktsetzungen f\u00fcr das zweite Planjahr k\u00f6nnten etwa mit Nachtragshaushalten bzw. im Rahmen der synodalen Ma\u00dfnahmenplanung erfolgen.\u00a0Peters betonte, dass auch in den 97 Prozent des Haushalts die inhaltliche Arbeit weiterentwickelt werde.\u00a0<\/p>\n<p>Tobias Geiger, der Vorsitzende des Finanzausschusses sagte, die finanzielle Situation der Landeskirche sei mittelfristig stabil; der Oberkirchenrat spare, wo es gehe, aber das Potential bei den Sachkosten sei ausgereizt. Jetzt m\u00fcssten Oberkirchenrat und Landessynode festlegen, an welcher Stelle Aufgabenfelder verkleinert bzw. aufgegeben und Personal eingespart werden k\u00f6nne. Er verwies hierzu auf den Strukturstellenplan, der im Sonderausschuss f\u00fcr inhaltliche Ausrichtung und Schwerpunkte beschlossen worden sei.<\/p>\n<p>Geiger erinnerte daran, dass die Mitgliederverluste weiter auf hohem Niveau blieben, und dankte allen Kirchengemeinden, die sich durch besondere Initiativen, wie zum Beispiel Tauffeste, auf den Weg machten.\u00a0Mit Blick auf die Kirchengemeinden sagte Geiger: \u201eEine ausk\u00f6mmliche Finanzierung unserer Kirchengemeinde und -bezirke ist trotz Inflation und hoher Energiepreise einigerma\u00dfen sichergestellt.\u201c Obwohl in der Eckwerteplanung ein Minus von 0,7 Prozent vorgesehen gewesen sei, habe bereits die Fr\u00fchjahrssynode aufgrund des stabilen Kirchensteuereingangs einen Inflationsausgleich von 2,2% beschlossen und einen Sonderbeitrag von 5 Mio. Euro in Aussicht stellen k\u00f6nnen. F\u00fcr das zweite Jahr im Doppelhaushalt werde der Sonderbetrag sogar auf 7 Mio. Euro steigen. Damit steige die Kirchensteuerzuweisung an die Gemeinden um insgesamt 3,5 Prozent.<\/p>\n<p><strong>K\u00fcrzungsbeschl\u00fcsse<\/strong><\/p>\n<p>Unter dem Stichwort \u201eSchwerpunkte und Posteriorit\u00e4ten\u201c hat die Landessynode K\u00fcrzungen beschlossen, die aber ohne K\u00fcndigungen von Mitarbeitenden gestaltet werden. Wo Personal abgebaut werden soll, geschieht dies in Form von sogenannten KW-Vermerken (\u2018k\u00fcnftig wegfallend\u201c). Wenn Mitarbeitende auf solchen Stellen dann in den Ruhestand gehen, entf\u00e4llt die Planstelle oder wird im Umfang gek\u00fcrzt.<\/p>\n<p>Der Direktor im Oberkirchenrat, Stefan Werner, betonte, die durch den Sonderausschuss f\u00fcr inhaltliche Ausrichtung und Schwerpunkte vorgelegten Sparbeschl\u00fcsse tr\u00fcgen zum Erreichen des gesteckten Rahmens bei und seien notwendig, um auf die absehbaren und aktuellen Entwicklungen so reagieren zu k\u00f6nnen, dass die Kirche handlungsf\u00e4hig bleibe.<\/p>\n<p><strong>Weitere Tagungsthemen waren:<\/strong><\/p>\n<p>Dan Peter\u00a0\u00a0\u00a0\u00a0\u00a0\u00a0\u00a0\u00a0\u00a0\u00a0\u00a0\u00a0\u00a0\u00a0\u00a0\u00a0\u00a0\u00a0\u00a0\u00a0\u00a0\u00a0\u00a0\u00a0\u00a0\u00a0\u00a0\u00a0\u00a0\u00a0\u00a0\u00a0\u00a0\u00a0\u00a0\u00a0\u00a0\u00a0\u00a0\u00a0\u00a0\u00a0\u00a0\u00a0\u00a0<br \/>Sprecher der Landeskirche\u00a0\u00a0\u00a0\u00a0\u00a0\u00a0\u00a0<\/p>\n<\/div>\n","protected":false},"excerpt":{"rendered":"<p>Unter dem Motto #miteinander werden die Mehrertr\u00e4ge aus der Energiepreispauschale ausschlie\u00dflich und unmittelbar zur Unterst\u00fctzung bed\u00fcrftiger und einkommensschwacher bzw. von<\/p>\n","protected":false},"author":1,"featured_media":0,"comment_status":"closed","ping_status":"closed","sticky":false,"template":"","format":"standard","meta":{"footnotes":""},"categories":[21],"tags":[],"_links":{"self":[{"href":"https:\/\/krankenhauspfarramt.de\/index.php\/wp-json\/wp\/v2\/posts\/5144"}],"collection":[{"href":"https:\/\/krankenhauspfarramt.de\/index.php\/wp-json\/wp\/v2\/posts"}],"about":[{"href":"https:\/\/krankenhauspfarramt.de\/index.php\/wp-json\/wp\/v2\/types\/post"}],"author":[{"embeddable":true,"href":"https:\/\/krankenhauspfarramt.de\/index.php\/wp-json\/wp\/v2\/users\/1"}],"replies":[{"embeddable":true,"href":"https:\/\/krankenhauspfarramt.de\/index.php\/wp-json\/wp\/v2\/comments?post=5144"}],"version-history":[{"count":0,"href":"https:\/\/krankenhauspfarramt.de\/index.php\/wp-json\/wp\/v2\/posts\/5144\/revisions"}],"wp:attachment":[{"href":"https:\/\/krankenhauspfarramt.de\/index.php\/wp-json\/wp\/v2\/media?parent=5144"}],"wp:term":[{"taxonomy":"category","embeddable":true,"href":"https:\/\/krankenhauspfarramt.de\/index.php\/wp-json\/wp\/v2\/categories?post=5144"},{"taxonomy":"post_tag","embeddable":true,"href":"https:\/\/krankenhauspfarramt.de\/index.php\/wp-json\/wp\/v2\/tags?post=5144"}],"curies":[{"name":"wp","href":"https:\/\/api.w.org\/{rel}","templated":true}]}}