{"id":5155,"date":"2022-12-16T15:34:21","date_gmt":"2022-12-16T15:34:21","guid":{"rendered":"https:\/\/krankenhauspfarramt.de\/index.php\/2022\/12\/16\/andacht-und-glockenschlaege-zum-jahrestag-des-terroranschlags-ekd\/"},"modified":"2022-12-16T15:34:22","modified_gmt":"2022-12-16T15:34:22","slug":"andacht-und-glockenschlaege-zum-jahrestag-des-terroranschlags-ekd","status":"publish","type":"post","link":"https:\/\/krankenhauspfarramt.de\/index.php\/2022\/12\/16\/andacht-und-glockenschlaege-zum-jahrestag-des-terroranschlags-ekd\/","title":{"rendered":"Andacht und Glockenschl\u00e4ge zum Jahrestag des Terroranschlags \u2013 EKD"},"content":{"rendered":"<p> <br \/>\n<\/p>\n<div>\n<p>Berlin (epd). Mit einer Andacht wird am Montag in der Kaiser-Wilhelm-Ged\u00e4chtniskirche an den sechsten Jahrestag des islamistischen Terroranschlags auf dem Berliner Breitscheidplatz erinnert. Daran werden unter anderem Berlins Regierende B\u00fcrgermeisterin Franziska Giffey (SPD) und die Vizepr\u00e4sidentin des Abgeordnetenhauses, Bahar Haghanipour (Gr\u00fcne), teilnehmen, wie die Berliner Senatskanzlei am Freitag mitteilte. Gestaltet wird die Feier von Bischof Christian St\u00e4blein, der Berliner Generalsuperintendentin Ulrike Trautwein, Gemeindepfarrerin Kathrin Oxen und der Musikerin Jocelyn Smith.<\/p>\n<p>Im Anschluss findet vor den Stufen zur Kirche am \u201eGoldenen Riss\u201c-Mahnmal ein Gedenken statt, bei dem die Namen der 13 Todesopfer verlesen werden. Um 20.02 Uhr, dem Zeitpunkt des Anschlags von 2016, wird die Glocke der Kirche 13 Mal schlagen.<\/p>\n<p>Berlin habe dieser Terroranschlag bis ins Mark ersch\u00fcttert, erkl\u00e4rte Giffey am Freitag: \u201eEs h\u00e4tte jede und jeden von uns treffen k\u00f6nnen. Berlin wird diese Tat und diesen Tag nie vergessen.\u201c Der Pr\u00e4sident des Abgeordnetenhauses, Dennis Buchner (SPD), mahnte, die Gesellschaft d\u00fcrfe sich durch den Terror nicht spalten lassen.<\/p>\n<p>Bei dem Terroranschlag steuerte der tunesische Islamist Anis Amri am 19. Dezember 2016 einen Sattelschlepper in die Besuchermenge des Weihnachtsmarktes am Breitscheidplatz. Dabei starben zw\u00f6lf Menschen, \u00fcber 60 wurden verletzt.<\/p>\n<p>Das 13. Todesopfer starb im Oktober 2021 an den Folgen einer schweren Verletzung, die der Mann sich zugezogen hatte, als er Erste Hilfe leistete. F\u00fcnf der 13 Todesopfer stammten aus Polen, Israel, Italien, der Ukraine und Tschechien.<br \/>\u00a0<\/p>\n<\/p><\/div>\n","protected":false},"excerpt":{"rendered":"<p>Berlin (epd). Mit einer Andacht wird am Montag in der Kaiser-Wilhelm-Ged\u00e4chtniskirche an den sechsten Jahrestag des islamistischen Terroranschlags auf dem<\/p>\n","protected":false},"author":1,"featured_media":5156,"comment_status":"closed","ping_status":"closed","sticky":false,"template":"","format":"standard","meta":{"footnotes":""},"categories":[20],"tags":[],"_links":{"self":[{"href":"https:\/\/krankenhauspfarramt.de\/index.php\/wp-json\/wp\/v2\/posts\/5155"}],"collection":[{"href":"https:\/\/krankenhauspfarramt.de\/index.php\/wp-json\/wp\/v2\/posts"}],"about":[{"href":"https:\/\/krankenhauspfarramt.de\/index.php\/wp-json\/wp\/v2\/types\/post"}],"author":[{"embeddable":true,"href":"https:\/\/krankenhauspfarramt.de\/index.php\/wp-json\/wp\/v2\/users\/1"}],"replies":[{"embeddable":true,"href":"https:\/\/krankenhauspfarramt.de\/index.php\/wp-json\/wp\/v2\/comments?post=5155"}],"version-history":[{"count":1,"href":"https:\/\/krankenhauspfarramt.de\/index.php\/wp-json\/wp\/v2\/posts\/5155\/revisions"}],"predecessor-version":[{"id":5157,"href":"https:\/\/krankenhauspfarramt.de\/index.php\/wp-json\/wp\/v2\/posts\/5155\/revisions\/5157"}],"wp:featuredmedia":[{"embeddable":true,"href":"https:\/\/krankenhauspfarramt.de\/index.php\/wp-json\/wp\/v2\/media\/5156"}],"wp:attachment":[{"href":"https:\/\/krankenhauspfarramt.de\/index.php\/wp-json\/wp\/v2\/media?parent=5155"}],"wp:term":[{"taxonomy":"category","embeddable":true,"href":"https:\/\/krankenhauspfarramt.de\/index.php\/wp-json\/wp\/v2\/categories?post=5155"},{"taxonomy":"post_tag","embeddable":true,"href":"https:\/\/krankenhauspfarramt.de\/index.php\/wp-json\/wp\/v2\/tags?post=5155"}],"curies":[{"name":"wp","href":"https:\/\/api.w.org\/{rel}","templated":true}]}}