{"id":5167,"date":"2022-12-21T10:12:20","date_gmt":"2022-12-21T10:12:20","guid":{"rendered":"https:\/\/krankenhauspfarramt.de\/index.php\/2022\/12\/21\/ekd-ratsvorsitzende-wuerdigt-verstorbenen-thueringer-alt-bischof-werner-leich-ekd\/"},"modified":"2022-12-21T10:12:21","modified_gmt":"2022-12-21T10:12:21","slug":"ekd-ratsvorsitzende-wuerdigt-verstorbenen-thueringer-alt-bischof-werner-leich-ekd","status":"publish","type":"post","link":"https:\/\/krankenhauspfarramt.de\/index.php\/2022\/12\/21\/ekd-ratsvorsitzende-wuerdigt-verstorbenen-thueringer-alt-bischof-werner-leich-ekd\/","title":{"rendered":"EKD-Ratsvorsitzende w\u00fcrdigt verstorbenen Th\u00fcringer Alt-Bischof Werner Leich \u2013 EKD"},"content":{"rendered":"<p> <br \/>\n<\/p>\n<div id=\"\">\n<p>Erfurt (epd\/EKD). Der langj\u00e4hrige Landesbischof der Evangelisch-Lutherischen Kirche in Th\u00fcringen, Werner Leich, ist tot. Er starb am Samstagmorgen im Alter von 95 Jahren. Leich hatte das Bischofsamt von 1978 bis zu seiner Verabschiedung in den Ruhestand 1992 inne.<\/p>\n<p>Leich lebte laut Landeskirche zuletzt in einer diakonischen Einrichtung in Tambach-Dietharz (Landkreis Gotha). Die Th\u00fcringer Landeskirche war im Jahre 2009 mit der Kirchenprovinz Sachsen zur Evangelischen Kirche in Mitteldeutschland fusioniert.<\/p>\n<p>Die Ratsvorsitzende der Evangelischen Kirche in Deutschland (EKD), Pr\u00e4ses Annette Kurschus, w\u00fcrdigte Leich in einem Kondolenzschreiben: \u201eMit Altbischof Werner Leich verliert die Evangelische Kirche einen ihrer profiliertesten Repr\u00e4sentanten w\u00e4hrend der Zeit der Friedlichen Revolution. Als Bischof der Th\u00fcringischen Landeskirche und Vorsitzender der Konferenz der Kirchenleitungen in der DDR hat er die Evangelische Kirche in der Zeit des sogenannten real existierenden Sozialismus mit geistlich-theologisch gegr\u00fcndeter Klarheit geleitet.\u201c Er habe dabei f\u00fcr einen distanzierten Kurs gegen\u00fcber der DDR-Regierung gestanden: \u201eEindeutig und geradlinig setzte er sich daf\u00fcr ein, dass Christen in der DDR ihren Glauben auch \u00f6ffentlich leben konnten. Ein \u00e4lteres Portr\u00e4t trug den bezeichnenden Titel: \u201aUmgeben von der Stasi, gehalten von Gott.\u2018 Das Bekenntnis zu Jesus Christus als dem einzigen Herrn war f\u00fcr ihn Mitte allen Glaubens und Wirkens.\u201c<\/p>\n<p>Am 2. Oktober 1990 schrieb Leich zum Tag der Wiedervereinigung in einem Brief an die Gemeinden: &#8222;Wir haben oft Angst gehabt. Aber Gott hat uns aufgerichtet. Wir wollten in einem Unrechtsstaat Reformen durchsetzen. Gott hat uns mehr geschenkt, als wir erwartet haben: Die Friedliche Revolution, die Freiheit und eine offene Zukunft. Wer wollte daf\u00fcr Gott nicht von Herzen danken!&#8220; Dies habe ihn tief beeindruckt, so Kurschus: \u201eDankbarkeit und Bereitschaft zur Vers\u00f6hnung pr\u00e4gten seine letzten Lebensjahre. Als Evangelische Kirche in Deutschland bewahren wir ihm ein ehrendes Gedenken und sind in unseren Gebeten bei allen trauernden Angeh\u00f6rigen.\u201c<\/p>\n<p>Der evangelische Landesbischof Friedrich Kramer w\u00fcrdigte Leich als gro\u00dfen Theologen: \u201eEr hat in allen, auch den schwierigsten Situationen, stets darauf bestanden, eigene Positionen mit dem abzugleichen, was die Bibel uns auftr\u00e4gt.\u201c Dies habe ihn als leitenden Bischof in der DDR auch mutig in Gespr\u00e4che mit dem Staat gehen lassen.<\/p>\n<p>Es sei Werner Leicht hoch anzurechnen, \u201edass er mit seiner k\u00fchlen Klarheit in Verhandlungen mit dem SED-Regime auf eine gr\u00f6\u00dfere Unabh\u00e4ngigkeit der Kirche gedr\u00e4ngt und die Repressionen gegen\u00fcber der Bev\u00f6lkerung kritisch angesprochen habe\u201c, sagte Kramer. Damit habe er vielen Menschen Hoffnung gemacht und sich jeder Resignation verweigert.<\/p>\n<p>Kramers katholischer Th\u00fcringer Amtskollege Ulrich Neymeyr dankte in einem gemeinsamen Kondolenzschreiben mit seinem Amtsvorg\u00e4nger Joachim Wanke f\u00fcr das Miteinander von evangelischen und katholischen Christen, das Leich \u201ein bestem \u00f6kumenischem Geist\u201c gestaltet habe. Der Bischof des Bistums Erfurt f\u00fcgte hinzu: \u201eIn den schwierigen Zeiten der SED-Diktatur, der friedlichen Revolution und der Ver\u00e4nderungen durch die Vereinigung Deutschlands war Landesbischof Leich stets ein verl\u00e4sslicher Partner.\u201c<\/p>\n<p>Th\u00fcringens Ministerpr\u00e4sident Bodo Ramelow (Linke) w\u00fcrdigte Leich laut einem Tweet der Th\u00fcringer Staatskanzlei als \u201eSteuermann in einer schwierigen Zeit und starke Pers\u00f6nlichkeit der Zeitgeschichte\u201c.<\/p>\n<p>Leich wurde am 31. Januar 1927 in M\u00fchlhausen geboren. 1951 trat er als Vikar in den Dienst der Th\u00fcringer Landeskirche ein, 1978 wurde er Landesbischof. Von 1980 bis 1983 leitete er das Lutherkommitee der Evangelischen Kirchen, von 1983 bis 1986 war er Leitender Bischof der Vereinigten Evangelisch-Lutherischen Kirche der DDR und von 1986 bis 1990 Vorsitzender der Konferenz der Kirchenleitungen in der DDR.<\/p>\n<\/div>\n","protected":false},"excerpt":{"rendered":"<p>Erfurt (epd\/EKD). Der langj\u00e4hrige Landesbischof der Evangelisch-Lutherischen Kirche in Th\u00fcringen, Werner Leich, ist tot. Er starb am Samstagmorgen im Alter<\/p>\n","protected":false},"author":1,"featured_media":5168,"comment_status":"closed","ping_status":"closed","sticky":false,"template":"","format":"standard","meta":{"footnotes":""},"categories":[20],"tags":[],"_links":{"self":[{"href":"https:\/\/krankenhauspfarramt.de\/index.php\/wp-json\/wp\/v2\/posts\/5167"}],"collection":[{"href":"https:\/\/krankenhauspfarramt.de\/index.php\/wp-json\/wp\/v2\/posts"}],"about":[{"href":"https:\/\/krankenhauspfarramt.de\/index.php\/wp-json\/wp\/v2\/types\/post"}],"author":[{"embeddable":true,"href":"https:\/\/krankenhauspfarramt.de\/index.php\/wp-json\/wp\/v2\/users\/1"}],"replies":[{"embeddable":true,"href":"https:\/\/krankenhauspfarramt.de\/index.php\/wp-json\/wp\/v2\/comments?post=5167"}],"version-history":[{"count":1,"href":"https:\/\/krankenhauspfarramt.de\/index.php\/wp-json\/wp\/v2\/posts\/5167\/revisions"}],"predecessor-version":[{"id":5169,"href":"https:\/\/krankenhauspfarramt.de\/index.php\/wp-json\/wp\/v2\/posts\/5167\/revisions\/5169"}],"wp:featuredmedia":[{"embeddable":true,"href":"https:\/\/krankenhauspfarramt.de\/index.php\/wp-json\/wp\/v2\/media\/5168"}],"wp:attachment":[{"href":"https:\/\/krankenhauspfarramt.de\/index.php\/wp-json\/wp\/v2\/media?parent=5167"}],"wp:term":[{"taxonomy":"category","embeddable":true,"href":"https:\/\/krankenhauspfarramt.de\/index.php\/wp-json\/wp\/v2\/categories?post=5167"},{"taxonomy":"post_tag","embeddable":true,"href":"https:\/\/krankenhauspfarramt.de\/index.php\/wp-json\/wp\/v2\/tags?post=5167"}],"curies":[{"name":"wp","href":"https:\/\/api.w.org\/{rel}","templated":true}]}}