{"id":5173,"date":"2022-12-22T11:00:10","date_gmt":"2022-12-22T11:00:10","guid":{"rendered":"https:\/\/krankenhauspfarramt.de\/index.php\/2022\/12\/22\/ekd-ratsvorsitzende-beklagt-notstaende-in-kinderkliniken-ekd\/"},"modified":"2022-12-22T11:00:14","modified_gmt":"2022-12-22T11:00:14","slug":"ekd-ratsvorsitzende-beklagt-notstaende-in-kinderkliniken-ekd","status":"publish","type":"post","link":"https:\/\/krankenhauspfarramt.de\/index.php\/2022\/12\/22\/ekd-ratsvorsitzende-beklagt-notstaende-in-kinderkliniken-ekd\/","title":{"rendered":"EKD-Ratsvorsitzende beklagt Notst\u00e4nde in Kinderkliniken \u2013 EKD"},"content":{"rendered":"<p> <br \/>\n<\/p>\n<div>\n<p>Den Vers aus der biblischen Weihnachtsgeschichte \u201eIhr werdet finden das Kind in Windeln gewickelt und in einer Krippe liegen\u201c sei f\u00fcr sie aktueller denn je, betonte die oberste Repr\u00e4sentantin von rund 20 Millionen Protestanten in Deutschland. Den vertrauten Satz k\u00f6nne sie in diesen vorweihnachtlichen Tagen kaum h\u00f6ren ohne die Nachrichten aus den Notaufnahmen der Kinderkliniken im Ohr. \u201eGott kommt als hilfsbed\u00fcrftiges Kind zur Welt. Das Heilige ist eingewickelt in Windeln. Das G\u00f6ttliche in einem Futtertrog f\u00fcrs Vieh\u201c, sagte Kurschus. Der schreiende S\u00e4ugling ohne Herberge halte den Menschen eindringlich vor Augen, worauf es ankomme.<\/p>\n<p>Die Heilige Familie der Weihnachtsgeschichte sei keine \u201eheile Familie\u201c. Alle Familien, die gegenw\u00e4rtig mit dem Unheil ringen, seien Gott heilig. \u201eUnd die Hirten, das sind f\u00fcr mich in diesem Jahr zum Beispiel die \u00c4rztinnen und \u00c4rzte, die an den Feiertagen ihre Praxen \u00f6ffnen\u201c, sagte die Theologin.<br \/>\u00a0<\/p>\n<\/p><\/div>\n","protected":false},"excerpt":{"rendered":"<p>Den Vers aus der biblischen Weihnachtsgeschichte \u201eIhr werdet finden das Kind in Windeln gewickelt und in einer Krippe liegen\u201c sei<\/p>\n","protected":false},"author":1,"featured_media":5174,"comment_status":"closed","ping_status":"closed","sticky":false,"template":"","format":"standard","meta":{"footnotes":""},"categories":[20],"tags":[],"_links":{"self":[{"href":"https:\/\/krankenhauspfarramt.de\/index.php\/wp-json\/wp\/v2\/posts\/5173"}],"collection":[{"href":"https:\/\/krankenhauspfarramt.de\/index.php\/wp-json\/wp\/v2\/posts"}],"about":[{"href":"https:\/\/krankenhauspfarramt.de\/index.php\/wp-json\/wp\/v2\/types\/post"}],"author":[{"embeddable":true,"href":"https:\/\/krankenhauspfarramt.de\/index.php\/wp-json\/wp\/v2\/users\/1"}],"replies":[{"embeddable":true,"href":"https:\/\/krankenhauspfarramt.de\/index.php\/wp-json\/wp\/v2\/comments?post=5173"}],"version-history":[{"count":1,"href":"https:\/\/krankenhauspfarramt.de\/index.php\/wp-json\/wp\/v2\/posts\/5173\/revisions"}],"predecessor-version":[{"id":5175,"href":"https:\/\/krankenhauspfarramt.de\/index.php\/wp-json\/wp\/v2\/posts\/5173\/revisions\/5175"}],"wp:featuredmedia":[{"embeddable":true,"href":"https:\/\/krankenhauspfarramt.de\/index.php\/wp-json\/wp\/v2\/media\/5174"}],"wp:attachment":[{"href":"https:\/\/krankenhauspfarramt.de\/index.php\/wp-json\/wp\/v2\/media?parent=5173"}],"wp:term":[{"taxonomy":"category","embeddable":true,"href":"https:\/\/krankenhauspfarramt.de\/index.php\/wp-json\/wp\/v2\/categories?post=5173"},{"taxonomy":"post_tag","embeddable":true,"href":"https:\/\/krankenhauspfarramt.de\/index.php\/wp-json\/wp\/v2\/tags?post=5173"}],"curies":[{"name":"wp","href":"https:\/\/api.w.org\/{rel}","templated":true}]}}