{"id":5185,"date":"2022-12-27T10:27:15","date_gmt":"2022-12-27T10:27:15","guid":{"rendered":"https:\/\/krankenhauspfarramt.de\/index.php\/2022\/12\/27\/kurschus-ruft-zum-einsatz-fuer-den-frieden-auf-ekd\/"},"modified":"2022-12-27T10:27:16","modified_gmt":"2022-12-27T10:27:16","slug":"kurschus-ruft-zum-einsatz-fuer-den-frieden-auf-ekd","status":"publish","type":"post","link":"https:\/\/krankenhauspfarramt.de\/index.php\/2022\/12\/27\/kurschus-ruft-zum-einsatz-fuer-den-frieden-auf-ekd\/","title":{"rendered":"Kurschus ruft zum Einsatz f\u00fcr den Frieden auf \u2013 EKD"},"content":{"rendered":"<p> <br \/>\n<\/p>\n<div id=\"\">\n<p>Bielefeld\/Hannover (epd). Die EKD-Ratsvorsitzende Annette Kurschus hat an Heiligabend zum Einsatz f\u00fcr den Frieden aufgerufen. \u201eWenn Menschen unter Krieg und Gewalt, unter Ungerechtigkeit und Armut leiden, dann ist damit die Ehre Gottes angegriffen\u201c, sagte die westf\u00e4lische Pr\u00e4ses in ihrer Predigt in der Zionskirche Bielefeld-Bethel: \u201eNiemand ist auf verlorenem Posten, der oder die sich f\u00fcr den Frieden auf Erden einsetzt. F\u00fcr den Frieden im Gro\u00dfen und im Kleinen.\u201c<\/p>\n<p>Ob f\u00fcr den Frieden in der Welt, in den Familien und Gemeinden, in Einrichtungen und Krankenh\u00e4usern, am Arbeitsplatz und in der Schule: \u201eNichts, was wirklich dem Frieden zwischen Menschen dient, wird vergeblich sein\u201c, sagte die Ratsvorsitzende der Evangelischen Kirche in Deutschland (EKD) laut Predigttext: \u201eFriede auf Erden, das ist eine Sache der Ehre Gottes.\u201c<\/p>\n<p>Kurschus erinnerte an die Ukraine und andere Kriegsgebiete, \u201ewo die Menschen elend weit weg sind von wohligen Gef\u00fchlen. Auch hier bei uns sind so viele, denen gerade an Weihnachten eher nach Weinen als nach Singen zumute ist\u201c, sagte die Theologin: \u201eSo viele, denen dieses Jahr 2022 derart zugesetzt hat, dass sie \u00fcberhaupt nicht mehr wissen, wie es noch weitergehen soll.\u201c<\/p>\n<p>Zugleich warnte sie die Menschen vor selbstgerechtem Hochmut: \u201eWir erleben in diesen hoch verunsicherten Zeiten, wie alle den guten Willen und die richtige Meinung f\u00fcr sich beanspruchen &#8211; und dabei zu sehr unterschiedlichen, oft ganz und gar gegens\u00e4tzlichen Schl\u00fcssen kommen\u201c, sagte die Pr\u00e4ses der Evangelischen Kirche von Westfalen: \u201eIn der Gesellschaft ist das so, in der Politik, auch in der Kirche.\u201c<\/p>\n<p>Kurschus verwies in ihrer Predigt auch auf die angespannte Situation im Gesundheitswesen und \u201eEltern, die zurzeit an den Betten ihrer kranken Kinder sitzen und um das Leben der Kleinsten &#8211; in Windeln gewickelt &#8211; bangen. Mit ihnen die \u00c4rztinnen und Pfleger in den Notaufnahmen unserer Kliniken. Weit \u00fcber die Grenzen ihrer Kr\u00e4fte hinaus setzen sie sich ein, unerm\u00fcdlich &#8211; und sie werden das auch an den Feiertagen tun\u201c, sagte die Pr\u00e4ses: \u201eAn sie muss ich in diesem Jahr besonders denken, wenn ich von dem Kind in der Krippe h\u00f6re, diesem wehrlosen S\u00e4ugling, in dem Gott selbst zur Welt kommt.\u201c<br \/>\u00a0<\/p>\n<\/div>\n","protected":false},"excerpt":{"rendered":"<p>Bielefeld\/Hannover (epd). Die EKD-Ratsvorsitzende Annette Kurschus hat an Heiligabend zum Einsatz f\u00fcr den Frieden aufgerufen. \u201eWenn Menschen unter Krieg und<\/p>\n","protected":false},"author":1,"featured_media":2077,"comment_status":"closed","ping_status":"closed","sticky":false,"template":"","format":"standard","meta":{"footnotes":""},"categories":[20],"tags":[],"_links":{"self":[{"href":"https:\/\/krankenhauspfarramt.de\/index.php\/wp-json\/wp\/v2\/posts\/5185"}],"collection":[{"href":"https:\/\/krankenhauspfarramt.de\/index.php\/wp-json\/wp\/v2\/posts"}],"about":[{"href":"https:\/\/krankenhauspfarramt.de\/index.php\/wp-json\/wp\/v2\/types\/post"}],"author":[{"embeddable":true,"href":"https:\/\/krankenhauspfarramt.de\/index.php\/wp-json\/wp\/v2\/users\/1"}],"replies":[{"embeddable":true,"href":"https:\/\/krankenhauspfarramt.de\/index.php\/wp-json\/wp\/v2\/comments?post=5185"}],"version-history":[{"count":1,"href":"https:\/\/krankenhauspfarramt.de\/index.php\/wp-json\/wp\/v2\/posts\/5185\/revisions"}],"predecessor-version":[{"id":5186,"href":"https:\/\/krankenhauspfarramt.de\/index.php\/wp-json\/wp\/v2\/posts\/5185\/revisions\/5186"}],"wp:featuredmedia":[{"embeddable":true,"href":"https:\/\/krankenhauspfarramt.de\/index.php\/wp-json\/wp\/v2\/media\/2077"}],"wp:attachment":[{"href":"https:\/\/krankenhauspfarramt.de\/index.php\/wp-json\/wp\/v2\/media?parent=5185"}],"wp:term":[{"taxonomy":"category","embeddable":true,"href":"https:\/\/krankenhauspfarramt.de\/index.php\/wp-json\/wp\/v2\/categories?post=5185"},{"taxonomy":"post_tag","embeddable":true,"href":"https:\/\/krankenhauspfarramt.de\/index.php\/wp-json\/wp\/v2\/tags?post=5185"}],"curies":[{"name":"wp","href":"https:\/\/api.w.org\/{rel}","templated":true}]}}