{"id":5208,"date":"2023-01-02T10:13:33","date_gmt":"2023-01-02T10:13:33","guid":{"rendered":"https:\/\/krankenhauspfarramt.de\/index.php\/2023\/01\/02\/potsdamer-bibelmarathon-digital-ekd\/"},"modified":"2023-01-02T10:13:38","modified_gmt":"2023-01-02T10:13:38","slug":"potsdamer-bibelmarathon-digital-ekd","status":"publish","type":"post","link":"https:\/\/krankenhauspfarramt.de\/index.php\/2023\/01\/02\/potsdamer-bibelmarathon-digital-ekd\/","title":{"rendered":"Potsdamer Bibelmarathon digital \u2013 EKD"},"content":{"rendered":"<p> <br \/>\n<\/p>\n<div id=\"\">\n<p><span style=\"line-height:107%\">Der Potsdamer Bibelmarathon <\/span><span style=\"line-height:107%\">ist eine Lesung von allen f\u00fcr alle. Viele Potsdamer Gemeinden sind daran beteiligt, Schulklassen, Hauskreise, Jugendliche, die sich auf die Konfirmation vorbereiten oder Pfadfindergruppen. Aber auch einzelne Lesende, Paare und Menschen aus anderen Sprach- und Kulturkreisen, die ihre Bibel\u00fcbersetzungen mitbringen, machen aus dem Marathon eine bunte, eine generationsverbindende und interkulturelle Erfahrung und schaffen gemeinsam ein \u00f6kumenisches Ereignis.<\/span><\/p>\n<p><span style=\"line-height:107%\">2021\u00a0soll neben den vor Ort pr\u00e4senten Akteuren auch eine digitale Teilhabe m\u00f6glich sein. Dazu sind Menschen aus anderen Teilen des Landes und der Welt eingeladen, sich \u00fcber das Internet einzuw\u00e4hlen und &#8211;\u00a0 wo immer sie sein m\u00f6gen &#8211; Teil der gemeinsamen Aktion zu werden. Auch der Auslegung und Praxis wird in zwei Bereichen<br \/>Raum gegeben, f\u00fcr die auf der Homepage zwei Rubriken eingerichtet wurden.<\/span><\/p>\n<p>Das Projekt wurde mit 1000 Euro vom Digitalinnovationsfonds gef\u00f6rdert.<\/p>\n<p>Hier geht es zur Homepage des Projektes.<\/p>\n<p>\u00a0<\/p>\n<p>\u00a0<\/p>\n<\/div>\n","protected":false},"excerpt":{"rendered":"<p>Der Potsdamer Bibelmarathon ist eine Lesung von allen f\u00fcr alle. Viele Potsdamer Gemeinden sind daran beteiligt, Schulklassen, Hauskreise, Jugendliche, die<\/p>\n","protected":false},"author":1,"featured_media":5209,"comment_status":"closed","ping_status":"closed","sticky":false,"template":"","format":"standard","meta":{"footnotes":""},"categories":[20],"tags":[],"_links":{"self":[{"href":"https:\/\/krankenhauspfarramt.de\/index.php\/wp-json\/wp\/v2\/posts\/5208"}],"collection":[{"href":"https:\/\/krankenhauspfarramt.de\/index.php\/wp-json\/wp\/v2\/posts"}],"about":[{"href":"https:\/\/krankenhauspfarramt.de\/index.php\/wp-json\/wp\/v2\/types\/post"}],"author":[{"embeddable":true,"href":"https:\/\/krankenhauspfarramt.de\/index.php\/wp-json\/wp\/v2\/users\/1"}],"replies":[{"embeddable":true,"href":"https:\/\/krankenhauspfarramt.de\/index.php\/wp-json\/wp\/v2\/comments?post=5208"}],"version-history":[{"count":1,"href":"https:\/\/krankenhauspfarramt.de\/index.php\/wp-json\/wp\/v2\/posts\/5208\/revisions"}],"predecessor-version":[{"id":5210,"href":"https:\/\/krankenhauspfarramt.de\/index.php\/wp-json\/wp\/v2\/posts\/5208\/revisions\/5210"}],"wp:featuredmedia":[{"embeddable":true,"href":"https:\/\/krankenhauspfarramt.de\/index.php\/wp-json\/wp\/v2\/media\/5209"}],"wp:attachment":[{"href":"https:\/\/krankenhauspfarramt.de\/index.php\/wp-json\/wp\/v2\/media?parent=5208"}],"wp:term":[{"taxonomy":"category","embeddable":true,"href":"https:\/\/krankenhauspfarramt.de\/index.php\/wp-json\/wp\/v2\/categories?post=5208"},{"taxonomy":"post_tag","embeddable":true,"href":"https:\/\/krankenhauspfarramt.de\/index.php\/wp-json\/wp\/v2\/tags?post=5208"}],"curies":[{"name":"wp","href":"https:\/\/api.w.org\/{rel}","templated":true}]}}