{"id":5229,"date":"2023-01-03T15:19:54","date_gmt":"2023-01-03T15:19:54","guid":{"rendered":"https:\/\/krankenhauspfarramt.de\/index.php\/2023\/01\/03\/social-media-strategie-fuer-das-evangelische-jugendwerk-calw-ekd\/"},"modified":"2023-01-03T15:19:57","modified_gmt":"2023-01-03T15:19:57","slug":"social-media-strategie-fuer-das-evangelische-jugendwerk-calw-ekd","status":"publish","type":"post","link":"https:\/\/krankenhauspfarramt.de\/index.php\/2023\/01\/03\/social-media-strategie-fuer-das-evangelische-jugendwerk-calw-ekd\/","title":{"rendered":"Social Media Strategie f\u00fcr das evangelische Jugendwerk Calw \u2013 EKD"},"content":{"rendered":"<p> <br \/>\n<\/p>\n<div id=\"\">\n<p><span style=\"line-height:107%\">Social Media wird f\u00fcr Jugendliche immer wichtiger. Das evangelische Jugendwerk Calw m\u00f6chte daher die M\u00f6glichkeit der digitalen Kommunikation nutzen, um ihre Angebote zu erweitern. Sie eintwickeln ein Konzept , durch das sie Jugendliche ansprechen, im Glauben motivieren und \u00fcber das Jugendwerk berichten. Daf\u00fcr posten sie jede Woche drei thematisch unterschiedliche Beitr\u00e4ge: Christliche Memes, Glaubensimpulse und Fotos\/Videos aus dem Jugendwerk. Au\u00dferdem sollen andere (Pfarrer, Jugendwerke, Jugendliche\u2026) motiviert und bef\u00e4higt werden, selbst auf Social Media aktiv zu sein. Deshalb teilen sie ihre Erfahrungen und erstellen einen Kurs, der sowohl f\u00fcr Interessierte aus der Region konzipiert ist, als auch als frei zug\u00e4nglicher Online-Kurs. <\/span><\/p>\n<p><span style=\"line-height:107%\">Das Projekt wird mit 2.000 Euro durch den Digitalinnovationsfonds gef\u00f6rdert.<\/span><\/p>\n<p><span style=\"line-height:107%\">Hier geht es zum Instagram-Kanal des Projektes.<\/span><\/p>\n<\/div>\n<p><script async defer src=\"https:\/\/platform.instagram.com\/en_US\/embeds.js\"><\/script><\/p>\n","protected":false},"excerpt":{"rendered":"<p>Social Media wird f\u00fcr Jugendliche immer wichtiger. Das evangelische Jugendwerk Calw m\u00f6chte daher die M\u00f6glichkeit der digitalen Kommunikation nutzen, um<\/p>\n","protected":false},"author":1,"featured_media":5230,"comment_status":"closed","ping_status":"closed","sticky":false,"template":"","format":"standard","meta":{"footnotes":""},"categories":[20],"tags":[],"_links":{"self":[{"href":"https:\/\/krankenhauspfarramt.de\/index.php\/wp-json\/wp\/v2\/posts\/5229"}],"collection":[{"href":"https:\/\/krankenhauspfarramt.de\/index.php\/wp-json\/wp\/v2\/posts"}],"about":[{"href":"https:\/\/krankenhauspfarramt.de\/index.php\/wp-json\/wp\/v2\/types\/post"}],"author":[{"embeddable":true,"href":"https:\/\/krankenhauspfarramt.de\/index.php\/wp-json\/wp\/v2\/users\/1"}],"replies":[{"embeddable":true,"href":"https:\/\/krankenhauspfarramt.de\/index.php\/wp-json\/wp\/v2\/comments?post=5229"}],"version-history":[{"count":1,"href":"https:\/\/krankenhauspfarramt.de\/index.php\/wp-json\/wp\/v2\/posts\/5229\/revisions"}],"predecessor-version":[{"id":5231,"href":"https:\/\/krankenhauspfarramt.de\/index.php\/wp-json\/wp\/v2\/posts\/5229\/revisions\/5231"}],"wp:featuredmedia":[{"embeddable":true,"href":"https:\/\/krankenhauspfarramt.de\/index.php\/wp-json\/wp\/v2\/media\/5230"}],"wp:attachment":[{"href":"https:\/\/krankenhauspfarramt.de\/index.php\/wp-json\/wp\/v2\/media?parent=5229"}],"wp:term":[{"taxonomy":"category","embeddable":true,"href":"https:\/\/krankenhauspfarramt.de\/index.php\/wp-json\/wp\/v2\/categories?post=5229"},{"taxonomy":"post_tag","embeddable":true,"href":"https:\/\/krankenhauspfarramt.de\/index.php\/wp-json\/wp\/v2\/tags?post=5229"}],"curies":[{"name":"wp","href":"https:\/\/api.w.org\/{rel}","templated":true}]}}