{"id":5247,"date":"2023-01-04T16:02:48","date_gmt":"2023-01-04T16:02:48","guid":{"rendered":"https:\/\/krankenhauspfarramt.de\/index.php\/2023\/01\/04\/gedankenrauschen-ekd\/"},"modified":"2023-01-04T16:02:51","modified_gmt":"2023-01-04T16:02:51","slug":"gedankenrauschen-ekd","status":"publish","type":"post","link":"https:\/\/krankenhauspfarramt.de\/index.php\/2023\/01\/04\/gedankenrauschen-ekd\/","title":{"rendered":"Gedankenrauschen \u2013 EKD"},"content":{"rendered":"<p> <br \/>\n<\/p>\n<div id=\"\">\n<p>Die erste Idee zum Projekt &#8222;Gedankenrauschen&#8220; kam im Zentrum Gesellschaftliche Verantwortung<br \/>der Evangelischen Kirche in Hessen und Nassau auf,\u00a0als Kolleginnen und Kollegen sich mit der Frage besch\u00e4ftigten, welche Themen der Digitalisierung in der Gesellschaft nicht in ausreichendem Ma\u00df \u00f6ffentlich aufgegriffen werden. Dazu z\u00e4hlen Themen wie der Umgang mit Gr\u00e4ben zwischen versierten Internetnutzer*innen und eher unerfahrenen Menschen, die Ver\u00e4nderungen in der Sozialen Arbeit, die m\u00f6glichen Verwerfungen des gesellschaftlichen Zusammenhalts und vieles mehr.<\/p>\n<p>Eine weitere Erkenntnis war und ist, dass in der gesellschaftlichen Auseinandersetzung \u00fcber den Digitalisierungsprozess oftmals technische Aspekte die Hauptrolle spielen, w\u00e4hrend damit verbundene \u00f6kologische und soziale Fragen eher eine Nebenrolle darstellen.\u00a0Sie stellten fest, dass viele kirchliche Akteur*innen bei den Fragestellungen rund um die Digitalisierung noch Kl\u00e4rungsbedarf haben. Auch Themen der EKD Denkschrift sollen aufgenommen werden.\u00a0<\/p>\n<p>Im Laufe des Jahres 2022 soll mit diesem Projekt einen Beitrag dazu geleistet werden, jeden Monat ein Themen der Digitalisierung n\u00e4her zu beleuchten. Dazu werden Gespr\u00e4che mit\u00a0Fachleuten gef\u00fchrt, aufgezeichnet und \u00f6ffentlich zug\u00e4nglich gemacht.\u00a0Es wird acht aufgezeichnete Einzelgespr\u00e4che und vier live gestreamte Gruppendiskussionen geben.\u00a0<\/p>\n<p>Das Projekt wird mit 2.000 Euro vom Digitalinnovationsfonds gef\u00f6rdert.\u00a0<\/p>\n<p>Hier finden Sie die Website des Projektes.<\/p>\n<\/div>\n","protected":false},"excerpt":{"rendered":"<p>Die erste Idee zum Projekt &#8222;Gedankenrauschen&#8220; kam im Zentrum Gesellschaftliche Verantwortungder Evangelischen Kirche in Hessen und Nassau auf,\u00a0als Kolleginnen und<\/p>\n","protected":false},"author":1,"featured_media":5248,"comment_status":"closed","ping_status":"closed","sticky":false,"template":"","format":"standard","meta":{"footnotes":""},"categories":[20],"tags":[],"_links":{"self":[{"href":"https:\/\/krankenhauspfarramt.de\/index.php\/wp-json\/wp\/v2\/posts\/5247"}],"collection":[{"href":"https:\/\/krankenhauspfarramt.de\/index.php\/wp-json\/wp\/v2\/posts"}],"about":[{"href":"https:\/\/krankenhauspfarramt.de\/index.php\/wp-json\/wp\/v2\/types\/post"}],"author":[{"embeddable":true,"href":"https:\/\/krankenhauspfarramt.de\/index.php\/wp-json\/wp\/v2\/users\/1"}],"replies":[{"embeddable":true,"href":"https:\/\/krankenhauspfarramt.de\/index.php\/wp-json\/wp\/v2\/comments?post=5247"}],"version-history":[{"count":1,"href":"https:\/\/krankenhauspfarramt.de\/index.php\/wp-json\/wp\/v2\/posts\/5247\/revisions"}],"predecessor-version":[{"id":5249,"href":"https:\/\/krankenhauspfarramt.de\/index.php\/wp-json\/wp\/v2\/posts\/5247\/revisions\/5249"}],"wp:featuredmedia":[{"embeddable":true,"href":"https:\/\/krankenhauspfarramt.de\/index.php\/wp-json\/wp\/v2\/media\/5248"}],"wp:attachment":[{"href":"https:\/\/krankenhauspfarramt.de\/index.php\/wp-json\/wp\/v2\/media?parent=5247"}],"wp:term":[{"taxonomy":"category","embeddable":true,"href":"https:\/\/krankenhauspfarramt.de\/index.php\/wp-json\/wp\/v2\/categories?post=5247"},{"taxonomy":"post_tag","embeddable":true,"href":"https:\/\/krankenhauspfarramt.de\/index.php\/wp-json\/wp\/v2\/tags?post=5247"}],"curies":[{"name":"wp","href":"https:\/\/api.w.org\/{rel}","templated":true}]}}