{"id":5268,"date":"2023-01-06T05:19:57","date_gmt":"2023-01-06T05:19:57","guid":{"rendered":"https:\/\/krankenhauspfarramt.de\/index.php\/2023\/01\/06\/menschsein-4-0-ekd\/"},"modified":"2023-01-06T05:20:02","modified_gmt":"2023-01-06T05:20:02","slug":"menschsein-4-0-ekd","status":"publish","type":"post","link":"https:\/\/krankenhauspfarramt.de\/index.php\/2023\/01\/06\/menschsein-4-0-ekd\/","title":{"rendered":"Menschsein 4.0 \u2013 EKD"},"content":{"rendered":"<p> <br \/>\n<\/p>\n<div id=\"\">\n<p><span style=\"line-height:107%\">In dem Konsultationsprozess &#8222;Menschsein 4.0&#8220; will das Projektteam der FEST Heidelberg und der Friedrich-Alexander Universit\u00e4t-Erlangen N\u00fcrnberg nachzeichnen, begleiten und prognostizieren, wie sich der Mensch durch die Neuen Medien, insbesondere die Sozialen Netzwerke, aber auch die Neuen Technologien (Smartphone) in seinem Verh\u00e4ltnis zu Raum, Zeit, seinem K\u00f6rper, seiner Identit\u00e4t und zum Sozialen (gesellschaftliche Partizipation) ver\u00e4ndert. <\/span><\/p>\n<p><span style=\"line-height:107%\">Entwickelt werden soll eine theologische Perspektive auf diese Ver\u00e4nderungsprozesse, die dem aktuellen wissenschaftlichen Diskussionsstand der Medienanthropologie und -soziologie entspricht und zu kirchlichen Handlungsorientierungen bef\u00e4higt. Damit soll das Desiderat einer umfassenden interdisziplin\u00e4r orientierten theologischen Medienanthropologie gef\u00fcllt werden. <\/span><\/p>\n<p><span style=\"line-height:107%\">In den kirchlichen Diskurs werden die Ergebnisse durch regelm\u00e4\u00dfige Kontaktgespr\u00e4che eingespeist, in denen die Antragstellerin mit kirchenleitenden Personen und Interessierten, z. B. aus dem Netzwerk \u201eTheologie, Ethik und Digitalisierung\u201c, die Ergebnisse der Beratungen diskutieren. Geplant ist, die wesentlichen Kernpunkte jeweils f\u00fcr weitere Interessierte zu dokumentieren. In den \u00f6ffentlichen und fachlichen Diskurs werden die Ergebnisse durch eine kurze Publikationsreihe eingebracht, die Teil der Open-Access-erscheinenden Reihe \u201eFESTForschung\u201c sein wird.<\/span><\/p>\n<p><span style=\"line-height:107%\">Das Projekt wid mit rund 20.000 Euro vom Digitalinnovationsfonds gef\u00f6rdert.<\/span><\/p>\n<\/div>\n","protected":false},"excerpt":{"rendered":"<p>In dem Konsultationsprozess &#8222;Menschsein 4.0&#8220; will das Projektteam der FEST Heidelberg und der Friedrich-Alexander Universit\u00e4t-Erlangen N\u00fcrnberg nachzeichnen, begleiten und prognostizieren,<\/p>\n","protected":false},"author":1,"featured_media":5269,"comment_status":"closed","ping_status":"closed","sticky":false,"template":"","format":"standard","meta":{"footnotes":""},"categories":[20],"tags":[],"_links":{"self":[{"href":"https:\/\/krankenhauspfarramt.de\/index.php\/wp-json\/wp\/v2\/posts\/5268"}],"collection":[{"href":"https:\/\/krankenhauspfarramt.de\/index.php\/wp-json\/wp\/v2\/posts"}],"about":[{"href":"https:\/\/krankenhauspfarramt.de\/index.php\/wp-json\/wp\/v2\/types\/post"}],"author":[{"embeddable":true,"href":"https:\/\/krankenhauspfarramt.de\/index.php\/wp-json\/wp\/v2\/users\/1"}],"replies":[{"embeddable":true,"href":"https:\/\/krankenhauspfarramt.de\/index.php\/wp-json\/wp\/v2\/comments?post=5268"}],"version-history":[{"count":1,"href":"https:\/\/krankenhauspfarramt.de\/index.php\/wp-json\/wp\/v2\/posts\/5268\/revisions"}],"predecessor-version":[{"id":5270,"href":"https:\/\/krankenhauspfarramt.de\/index.php\/wp-json\/wp\/v2\/posts\/5268\/revisions\/5270"}],"wp:featuredmedia":[{"embeddable":true,"href":"https:\/\/krankenhauspfarramt.de\/index.php\/wp-json\/wp\/v2\/media\/5269"}],"wp:attachment":[{"href":"https:\/\/krankenhauspfarramt.de\/index.php\/wp-json\/wp\/v2\/media?parent=5268"}],"wp:term":[{"taxonomy":"category","embeddable":true,"href":"https:\/\/krankenhauspfarramt.de\/index.php\/wp-json\/wp\/v2\/categories?post=5268"},{"taxonomy":"post_tag","embeddable":true,"href":"https:\/\/krankenhauspfarramt.de\/index.php\/wp-json\/wp\/v2\/tags?post=5268"}],"curies":[{"name":"wp","href":"https:\/\/api.w.org\/{rel}","templated":true}]}}