{"id":5271,"date":"2023-01-11T10:27:24","date_gmt":"2023-01-11T10:27:24","guid":{"rendered":"https:\/\/krankenhauspfarramt.de\/index.php\/2023\/01\/11\/ekd-ratsvorsitzende-kurschus-mahnt-zu-gewaltfreier-loesung-ekd\/"},"modified":"2023-01-11T10:27:26","modified_gmt":"2023-01-11T10:27:26","slug":"ekd-ratsvorsitzende-kurschus-mahnt-zu-gewaltfreier-loesung-ekd","status":"publish","type":"post","link":"https:\/\/krankenhauspfarramt.de\/index.php\/2023\/01\/11\/ekd-ratsvorsitzende-kurschus-mahnt-zu-gewaltfreier-loesung-ekd\/","title":{"rendered":"EKD-Ratsvorsitzende Kurschus mahnt zu gewaltfreier L\u00f6sung \u2013 EKD"},"content":{"rendered":"<p> <br \/>\n<\/p>\n<div>\n<p>Wer heute handele, m\u00fcsse \u201ebedenken, dass wir morgen und in Zukunft auf beides dringend angewiesen sind: auf Menschen, die sich unerm\u00fcdlich f\u00fcr den Klimaschutz engagieren, und auf ein Recht, das verl\u00e4sslich und durchsetzbar ist\u201c, sagte die leitende Theologin der westf\u00e4lischen Kirche. \u201eWas wir nicht brauchen, sind Szenen und Bilder von Gewalt und Zerst\u00f6rung.\u201c Diese w\u00fcrden nur Verzweiflung und Abwendung von der Demokratie bewirken.<\/p>\n<p>Kurschus unterstrich die Notwendigkeit eines gesellschaftlichen Zusammenhalts: Die Gesellschaft brauche am Beginn des Jahres 2023 keine Kraftakte, keine neuen Konfrontationen und Kampfszenen. Sie brauche vielmehr \u201eeine Denk- und Gespr\u00e4chspause dar\u00fcber, wie wir den br\u00fcchigen sozialen Frieden in unserem Land, das angefochtene Vertrauen in die Politik und den so dringend n\u00f6tigen Frieden mit der Sch\u00f6pfung f\u00f6rdern k\u00f6nnen\u201c.<\/p>\n<p>Die F\u00f6rderung und Verstromung von Kohle sei \u201eals falscher und \u00f6kologisch selbstm\u00f6rderischer Umgang mit der Sch\u00f6pfung und der Zukunft kommender Generationen\u201c erkannt worden, erkl\u00e4rte Kurschus. Das bringe immer mehr Menschen zur Verzweiflung, raube auch geduldigen und n\u00fcchternen Menschen den Schlaf. Die Tagebaue im Rheinischen Revier seien hierf\u00fcr zum Symbol geworden. Sie tr\u00fcgen auch effektiv zur globalen Erw\u00e4rmung bei. Deshalb sei es richtig, dass Kohleverstromung und Kohleabbau im Rheinischen Revier bereits bis 2030 beendet werden sollen.<\/p>\n<hr\/>\n<p><strong>Beschl\u00fcsse und Impulsvortr\u00e4ge w\u00e4hrend der EKD-Synode 2022 zum Klimaschutz<\/strong><\/p>\n<\/p><\/div>\n","protected":false},"excerpt":{"rendered":"<p>Wer heute handele, m\u00fcsse \u201ebedenken, dass wir morgen und in Zukunft auf beides dringend angewiesen sind: auf Menschen, die sich<\/p>\n","protected":false},"author":1,"featured_media":5272,"comment_status":"closed","ping_status":"closed","sticky":false,"template":"","format":"standard","meta":{"footnotes":""},"categories":[20],"tags":[],"_links":{"self":[{"href":"https:\/\/krankenhauspfarramt.de\/index.php\/wp-json\/wp\/v2\/posts\/5271"}],"collection":[{"href":"https:\/\/krankenhauspfarramt.de\/index.php\/wp-json\/wp\/v2\/posts"}],"about":[{"href":"https:\/\/krankenhauspfarramt.de\/index.php\/wp-json\/wp\/v2\/types\/post"}],"author":[{"embeddable":true,"href":"https:\/\/krankenhauspfarramt.de\/index.php\/wp-json\/wp\/v2\/users\/1"}],"replies":[{"embeddable":true,"href":"https:\/\/krankenhauspfarramt.de\/index.php\/wp-json\/wp\/v2\/comments?post=5271"}],"version-history":[{"count":1,"href":"https:\/\/krankenhauspfarramt.de\/index.php\/wp-json\/wp\/v2\/posts\/5271\/revisions"}],"predecessor-version":[{"id":5273,"href":"https:\/\/krankenhauspfarramt.de\/index.php\/wp-json\/wp\/v2\/posts\/5271\/revisions\/5273"}],"wp:featuredmedia":[{"embeddable":true,"href":"https:\/\/krankenhauspfarramt.de\/index.php\/wp-json\/wp\/v2\/media\/5272"}],"wp:attachment":[{"href":"https:\/\/krankenhauspfarramt.de\/index.php\/wp-json\/wp\/v2\/media?parent=5271"}],"wp:term":[{"taxonomy":"category","embeddable":true,"href":"https:\/\/krankenhauspfarramt.de\/index.php\/wp-json\/wp\/v2\/categories?post=5271"},{"taxonomy":"post_tag","embeddable":true,"href":"https:\/\/krankenhauspfarramt.de\/index.php\/wp-json\/wp\/v2\/tags?post=5271"}],"curies":[{"name":"wp","href":"https:\/\/api.w.org\/{rel}","templated":true}]}}