{"id":5274,"date":"2023-01-11T15:16:29","date_gmt":"2023-01-11T15:16:29","guid":{"rendered":"https:\/\/krankenhauspfarramt.de\/index.php\/2023\/01\/11\/woche-fuer-das-leben-2023-stellt-sinnsuche-und-aengste-junger-menschen-in-den-mittelpunkt-ekd\/"},"modified":"2023-01-11T15:16:31","modified_gmt":"2023-01-11T15:16:31","slug":"woche-fuer-das-leben-2023-stellt-sinnsuche-und-aengste-junger-menschen-in-den-mittelpunkt-ekd","status":"publish","type":"post","link":"https:\/\/krankenhauspfarramt.de\/index.php\/2023\/01\/11\/woche-fuer-das-leben-2023-stellt-sinnsuche-und-aengste-junger-menschen-in-den-mittelpunkt-ekd\/","title":{"rendered":"Woche f\u00fcr das Leben 2023 stellt Sinnsuche und \u00c4ngste junger Menschen in den Mittelpunkt \u2013 EKD"},"content":{"rendered":"<p> <br \/>\n<\/p>\n<div id=\"\">\n<div class=\"article--meta article--meta__border clearfix\">\n<p>                                    <time datetime=\"11.01.2023 12:55\" class=\"article--time\">11.01.2023<\/time><\/p>\n<p>                                     <strong class=\"article--type primus--overline\">Pressemitteilung<\/strong><\/p>\n<picture class=\"article--source-image image\"><source srcset=\"https:\/\/www.ekd.de\/ekd_de\/ds_img\/assets\/20170622_ekd-Quellenlogo_141_rdax_423x118.png\"><!--<source srcset=\"\/ekd_de\/ds_img\/assets\/20170622_ekd-Quellenlogo_141_rdax_141x39.png 1x, \/ekd_de\/ds_img\/assets\/20170622_ekd-Quellenlogo_141_rdax_282x78.png 2x, https:\/\/www.ekd.de\/ekd_de\/ds_img\/assets\/20170622_ekd-Quellenlogo_141_rdax_423x118.png 3x\">--><\/p>\n<p>    <\/source><\/picture>\n<\/p><\/div>\n<h2 class=\"article--sub-headline primus--sub-headline\">Begleitung und Hilfe anbieten \u2013 Hoffnung vermitteln<\/h2>\n<\/p><\/div>\n<div id=\"\">\n<p class=\"EKDAdressdaten\">Die \u00f6kumenische <em>Woche f\u00fcr das Leben<\/em> vom 22. bis 29. April 2023 stellt unter dem Motto \u201eGeneration Z(ukunft). Sinnsuche zwischen Angst und Perspektive\u201c die Sorgen junger Menschen im Alter zwischen 15 und 30 Jahren in den Mittelpunkt. Die Zeiten der Isolation in den vergangenen Jahren sowie die Verunsicherung durch sich st\u00e4ndig ver\u00e4ndernde Lebenssituationen mit kaum vorhersehbaren Zukunftsprognosen pr\u00e4gen diese Generation nachhaltig. Die Pandemie, der Krieg in der Ukraine sowie der Klimawandel sind nur drei Faktoren, die in einer entscheidenden Lebensphase zu tiefgreifenden Zukunfts\u00e4ngsten f\u00fchren k\u00f6nnen, die existenzielle Krisen bis hin zu Suizidgedanken ausl\u00f6sen. In solchen Situationen brauchen junge Menschen Begleitung, Hilfe und Hoffnung. Das Themenheft, Plakate und weitere Materialien der <em>Woche f\u00fcr das Leben<\/em> sind ab sofort verf\u00fcgbar und k\u00f6nnen f\u00fcr die Vorbereitung von vielf\u00e4ltigen Veranstaltungen zur Initiative<em> <\/em>genutzt werden.<\/p>\n<p class=\"EKDAdressdaten\">Im Vorwort zum Themenheft schreiben der Vorsitzende der Deutschen Bischofskonferenz, Bischof Dr. Georg B\u00e4tzing, und die Ratsvorsitzende der Evangelischen Kirche in Deutschland (EKD), Pr\u00e4ses Dr. h.\u00a0c. Annette Kurschus: \u201eDie Pandemie ist noch nicht besiegt, der Klimawandel und seine Folgen besch\u00e4ftigen nicht nur die junge Generation st\u00e4rker denn je und nicht zuletzt sch\u00fcren kriegerische Auseinandersetzungen bisher unbekannt gewesene \u00c4ngste und Verunsicherungen. Uns wird mit aller Deutlichkeit vor Augen gef\u00fchrt, dass wir es nicht immer selbst in der Hand haben, jeder Ursache f\u00fcr eine m\u00f6gliche Lebenskrise eigenst\u00e4ndig vorbeugen zu k\u00f6nnen. (\u2026) Gerade als Christen muss es unsere Aufgabe sein, diese Menschen in ihrer Verletzlichkeit und Sinnsuche zu begleiten.\u201c Pr\u00e4ses Kurschus und Bischof B\u00e4tzing betonen, dass es gelte, jungen Menschen zuzuh\u00f6ren, sie ernst zu nehmen und ihnen bei der Suche nach Sinn und Perspektiven Gef\u00e4hrtin und Gef\u00e4hrte zu sein und dabei neue Hoffnung zu schenken. Ganz so, wie es die beiden J\u00fcnger auf dem Weg nach Emmaus mit dem zun\u00e4chst von ihnen unerkannten Jesus erlebt haben, der sie in ihrer Verzweiflung begleitete und unterst\u00fctzte.<\/p>\n<p class=\"EKDAdressdaten\">Das Themenheft enth\u00e4lt verschiedene Beitr\u00e4ge aus medizinischer, soziologischer, p\u00e4dagogischer und sozialpastoraler Perspektive. Zudem werden spirituelle, beraterische und seelsorglich-diakonische Angebote zur Unterst\u00fctzung und Begleitung mit und von jungen Menschen vorgestellt. Dar\u00fcber hinaus werden in einer Ideenwerkstatt Bausteine f\u00fcr Gottesdienste und Gemeindearbeit f\u00fcr eine praxisnahe Anwendung zur Verf\u00fcgung gestellt. Erstmals gibt es im Jahr 2023 eine Kooperation der <em>Woche f\u00fcr das Leben<\/em> mit dem \u00d6kumenischen Jugendkreuzweg \u2013 ein Stationsbild des Kreuzweges greift das Sinnbild vom Weg nach Emmaus f\u00fcr die <em>Woche f\u00fcr das Leben<\/em> auf.<\/p>\n<p class=\"EKDAdressdaten\">Der bundesweite Auftakt der <em>Woche f\u00fcr das Leben<\/em> wird am 22. April 2023 im Osnabr\u00fccker Dom stattfinden, wo die EKD-Ratsvorsitzende Annette Kurschus und der Jugendbischof der Deutschen Bischofskonferenz, Weihbischof Johannes W\u00fcbbe (Osnabr\u00fcck), sowie Regionalbischof Friedrich Stelter vom Sprengel Osnabr\u00fcck der Evangelisch-lutherischen Landeskirche Hannover um 17 Uhr gemeinsam einen \u00f6kumenischen Gottesdienst feiern. Im Rahmen der Auftaktveranstaltung der <em>Woche f\u00fcr das Leben<\/em> organisieren die Kirchen vor Ort am Nachmittag au\u00dferdem ein Begleitprogramm, das insbesondere Jugendliche ansprechen soll.<\/p>\n<p class=\"EKDAdressdaten\"><strong><em>Hintergrund<\/em><\/strong><\/p>\n<p class=\"EKDAdressdaten\">Die <em>Woche f\u00fcr das Leben <\/em>findet zum 28. Mal statt. Seit 1994 ist sie die \u00f6kumenische Initiative der katholischen und der evangelischen Kirche in Deutschland zur Anerkennung der Schutzw\u00fcrdigkeit und Schutzbed\u00fcrftigkeit des menschlichen Lebens in all seinen Phasen. Die Aktion, die immer zwei Wochen nach Karsamstag beginnt und eine Woche dauert, will jedes Jahr Menschen in Kirche und Gesellschaft f\u00fcr die W\u00fcrde des menschlichen Lebens sensibilisieren.<\/p>\n<p class=\"EKDAdressdaten\"><em><strong>Hinweise<\/strong><\/em><\/p>\n<p class=\"EKDAdressdaten\">\u00dcber die Internetseite www.woche-fuer-das-leben.de k\u00f6nnen ab sofort Informationen und Materialien zur <em>Woche f\u00fcr das Leben <\/em>kostenfrei bestellt werden. Verf\u00fcgbar sind das Themenheft, Motivplakate in DIN A3, DIN A4 und eine Plakatvariante mit Freifeld zum Eindrucken von Veranstaltungshinweisen. Alle Materialien stehen auch als Download bereit. Das Stationsbild der <em>Woche f\u00fcr das Leben<\/em> zum \u00d6kumenischen Jugendkreuzweg mit SharePics f\u00fcr Social Media und weiteren Infos ist dort ebenfalls verf\u00fcgbar sowie auch unter https:\/\/jugendkreuzweg-online.de\/woche-f%C3%BCr-das-leben. Zur zentralen Er\u00f6ffnung der <em>Woche f\u00fcr das Leben<\/em> am 22. April 2023 wird es zu einem sp\u00e4teren Zeitpunkt noch eine eigene Presseeinladung geben.<\/p>\n<p class=\"EKDAdressdaten\">Hannover, 11. Januar 2023<\/p>\n<p class=\"EKDAdressdaten\">Pressestelle der EKD<br \/>Annika Lukas<\/p>\n<\/div>\n","protected":false},"excerpt":{"rendered":"<p>11.01.2023 Pressemitteilung Begleitung und Hilfe anbieten \u2013 Hoffnung vermitteln Die \u00f6kumenische Woche f\u00fcr das Leben vom 22. bis 29. April<\/p>\n","protected":false},"author":1,"featured_media":569,"comment_status":"closed","ping_status":"closed","sticky":false,"template":"","format":"standard","meta":{"footnotes":""},"categories":[20],"tags":[],"_links":{"self":[{"href":"https:\/\/krankenhauspfarramt.de\/index.php\/wp-json\/wp\/v2\/posts\/5274"}],"collection":[{"href":"https:\/\/krankenhauspfarramt.de\/index.php\/wp-json\/wp\/v2\/posts"}],"about":[{"href":"https:\/\/krankenhauspfarramt.de\/index.php\/wp-json\/wp\/v2\/types\/post"}],"author":[{"embeddable":true,"href":"https:\/\/krankenhauspfarramt.de\/index.php\/wp-json\/wp\/v2\/users\/1"}],"replies":[{"embeddable":true,"href":"https:\/\/krankenhauspfarramt.de\/index.php\/wp-json\/wp\/v2\/comments?post=5274"}],"version-history":[{"count":1,"href":"https:\/\/krankenhauspfarramt.de\/index.php\/wp-json\/wp\/v2\/posts\/5274\/revisions"}],"predecessor-version":[{"id":5275,"href":"https:\/\/krankenhauspfarramt.de\/index.php\/wp-json\/wp\/v2\/posts\/5274\/revisions\/5275"}],"wp:featuredmedia":[{"embeddable":true,"href":"https:\/\/krankenhauspfarramt.de\/index.php\/wp-json\/wp\/v2\/media\/569"}],"wp:attachment":[{"href":"https:\/\/krankenhauspfarramt.de\/index.php\/wp-json\/wp\/v2\/media?parent=5274"}],"wp:term":[{"taxonomy":"category","embeddable":true,"href":"https:\/\/krankenhauspfarramt.de\/index.php\/wp-json\/wp\/v2\/categories?post=5274"},{"taxonomy":"post_tag","embeddable":true,"href":"https:\/\/krankenhauspfarramt.de\/index.php\/wp-json\/wp\/v2\/tags?post=5274"}],"curies":[{"name":"wp","href":"https:\/\/api.w.org\/{rel}","templated":true}]}}