{"id":5277,"date":"2023-01-11T18:32:29","date_gmt":"2023-01-11T18:32:29","guid":{"rendered":"https:\/\/krankenhauspfarramt.de\/index.php\/2023\/01\/11\/gebetswoche-fuer-einheit-der-christen-2023-mit-indianischer-weisheit-ekd\/"},"modified":"2023-01-11T18:32:31","modified_gmt":"2023-01-11T18:32:31","slug":"gebetswoche-fuer-einheit-der-christen-2023-mit-indianischer-weisheit-ekd","status":"publish","type":"post","link":"https:\/\/krankenhauspfarramt.de\/index.php\/2023\/01\/11\/gebetswoche-fuer-einheit-der-christen-2023-mit-indianischer-weisheit-ekd\/","title":{"rendered":"Gebetswoche f\u00fcr Einheit der Christen 2023 mit indianischer Weisheit \u2013 EKD"},"content":{"rendered":"<p> <br \/>\n<\/p>\n<div>\n<p><strong>Der zentrale Gottesdienst zur Gebetswoche<\/strong> finde <strong>in Deutschland am 22. Januar um 17.00 Uhr im Frankfurter Gemeindezentrum der Freien evangelischen Gemeinde <\/strong>(FeG) Frankfurt statt, hie\u00df es weiter. Er werde<strong> live auf www.gebetswoche.de \u00fcbertragen<\/strong>. Die Predigt halte der ACK-Vorsitzende, der griechisch-orthodoxe Erzpriester Radu Constantin Miron. Damit finde der zentrale Gottesdienst zur Gebetswoche f\u00fcr die Einheit der Christen erstmals in einer Freikirche statt.<\/p>\n<p>Die diesj\u00e4hrige Gebetswoche stehe in Anlehnung an einen Bibelvers aus dem Buch des Propheten Jesaja unter dem Motto \u201eTut Gutes! Sucht das Recht!\u201c. Damit soll auf ein in den Kirchen zumeist noch tabuisiertes Themas hingewiesen werden, die Spaltung zwischen Kirchen aufgrund unterschiedlicher ethnischer Herkunft.<\/p>\n<p>In Minnesota gebe es seit Jahren gro\u00dfe Rassenunterschiede, f\u00fcgte die ACK hinzu. Die gr\u00f6\u00dfte Massenhinrichtung in der Geschichte der USA habe 1862 in Minnesota im Gefolge des Kriegs zwischen den Vereinigten Staaten und dem indigenen Volk der Dakota (Sioux) stattgefunden: \u201eAuch die Ermordung des jungen Afroamerikaners George Floyd im Mai 2020 durch Derek Chauvin, einen Polizisten aus Minneapolis, geschah in Minnesota.\u201c<\/p>\n<hr\/>\n<p><em>Die 1948 gegr\u00fcndete Arbeitsgemeinschaft Christlicher Kirchen in Deutschland (ACK) repr\u00e4sentiert etwa 50 Millionen Christinnen und Christen in Deutschland. Ihr geh\u00f6ren 18 Kirchen an, weitere sieben Kirchen sind Gastmitglieder, f\u00fcnf \u00f6kumenische Organisationen haben Beobachterstatus. Die \u201e\u00d6kumenische Centrale\u201c hat ihren Sitz in Frankfurt am Main.<\/em><\/p>\n<\/p><\/div>\n","protected":false},"excerpt":{"rendered":"<p>Der zentrale Gottesdienst zur Gebetswoche finde in Deutschland am 22. Januar um 17.00 Uhr im Frankfurter Gemeindezentrum der Freien evangelischen<\/p>\n","protected":false},"author":1,"featured_media":5278,"comment_status":"closed","ping_status":"closed","sticky":false,"template":"","format":"standard","meta":{"footnotes":""},"categories":[20],"tags":[],"_links":{"self":[{"href":"https:\/\/krankenhauspfarramt.de\/index.php\/wp-json\/wp\/v2\/posts\/5277"}],"collection":[{"href":"https:\/\/krankenhauspfarramt.de\/index.php\/wp-json\/wp\/v2\/posts"}],"about":[{"href":"https:\/\/krankenhauspfarramt.de\/index.php\/wp-json\/wp\/v2\/types\/post"}],"author":[{"embeddable":true,"href":"https:\/\/krankenhauspfarramt.de\/index.php\/wp-json\/wp\/v2\/users\/1"}],"replies":[{"embeddable":true,"href":"https:\/\/krankenhauspfarramt.de\/index.php\/wp-json\/wp\/v2\/comments?post=5277"}],"version-history":[{"count":1,"href":"https:\/\/krankenhauspfarramt.de\/index.php\/wp-json\/wp\/v2\/posts\/5277\/revisions"}],"predecessor-version":[{"id":5279,"href":"https:\/\/krankenhauspfarramt.de\/index.php\/wp-json\/wp\/v2\/posts\/5277\/revisions\/5279"}],"wp:featuredmedia":[{"embeddable":true,"href":"https:\/\/krankenhauspfarramt.de\/index.php\/wp-json\/wp\/v2\/media\/5278"}],"wp:attachment":[{"href":"https:\/\/krankenhauspfarramt.de\/index.php\/wp-json\/wp\/v2\/media?parent=5277"}],"wp:term":[{"taxonomy":"category","embeddable":true,"href":"https:\/\/krankenhauspfarramt.de\/index.php\/wp-json\/wp\/v2\/categories?post=5277"},{"taxonomy":"post_tag","embeddable":true,"href":"https:\/\/krankenhauspfarramt.de\/index.php\/wp-json\/wp\/v2\/tags?post=5277"}],"curies":[{"name":"wp","href":"https:\/\/api.w.org\/{rel}","templated":true}]}}