{"id":5283,"date":"2023-01-12T15:16:06","date_gmt":"2023-01-12T15:16:06","guid":{"rendered":"https:\/\/krankenhauspfarramt.de\/index.php\/2023\/01\/12\/praeses-heinrich-dankt-klima-demonstranten-in-luetzerath-ekd\/"},"modified":"2023-01-12T15:16:08","modified_gmt":"2023-01-12T15:16:08","slug":"praeses-heinrich-dankt-klima-demonstranten-in-luetzerath-ekd","status":"publish","type":"post","link":"https:\/\/krankenhauspfarramt.de\/index.php\/2023\/01\/12\/praeses-heinrich-dankt-klima-demonstranten-in-luetzerath-ekd\/","title":{"rendered":"Pr\u00e4ses Heinrich dankt Klima-Demonstranten in L\u00fctzerath \u2013 EKD"},"content":{"rendered":"<p> <br \/>\n<\/p>\n<div>\n<p>In ihrem Post lobte sie die Initiative \u201eKirche im Dorf lassen\u201c, die in den vergangenen Monaten die Eibenkapelle in L\u00fctzerath als \u00f6kumenischen Ort des Widerstands genutzt hatte. \u201eWir brauchen Orte wie die Eibenkapelle, die Hoffnung geben und Kraft zum beherzten Handeln gegen die Klimakatastrophe, auf die wir zurasen\u201c, schrieb Heinrich.<\/p>\n<p>Am Mittwoch hatte die Polizei auch die Eibenkapelle ger\u00e4umt. Die \u00f6kumenische Initiative \u201eKirche im Dorf lassen\u201c entstand aus dem lokalen Widerstand gegen den Tagebau in den bedrohten D\u00f6rfern. \u00dcberregional wurde sie mit einer Unterschriftenaktion bekannt, als sie die Bisch\u00f6fe von K\u00f6ln und Aachen aufforderte, die von den Baggern bedrohten Kirchen nicht zu entwidmen und sie nicht an RWE zu verkaufen. Die Initiative plant unter anderem eine Beteiligung an einer Gro\u00dfdemonstration am Samstag.<\/p>\n<\/p><\/div>\n","protected":false},"excerpt":{"rendered":"<p>In ihrem Post lobte sie die Initiative \u201eKirche im Dorf lassen\u201c, die in den vergangenen Monaten die Eibenkapelle in L\u00fctzerath<\/p>\n","protected":false},"author":1,"featured_media":5284,"comment_status":"closed","ping_status":"closed","sticky":false,"template":"","format":"standard","meta":{"footnotes":""},"categories":[20],"tags":[],"_links":{"self":[{"href":"https:\/\/krankenhauspfarramt.de\/index.php\/wp-json\/wp\/v2\/posts\/5283"}],"collection":[{"href":"https:\/\/krankenhauspfarramt.de\/index.php\/wp-json\/wp\/v2\/posts"}],"about":[{"href":"https:\/\/krankenhauspfarramt.de\/index.php\/wp-json\/wp\/v2\/types\/post"}],"author":[{"embeddable":true,"href":"https:\/\/krankenhauspfarramt.de\/index.php\/wp-json\/wp\/v2\/users\/1"}],"replies":[{"embeddable":true,"href":"https:\/\/krankenhauspfarramt.de\/index.php\/wp-json\/wp\/v2\/comments?post=5283"}],"version-history":[{"count":1,"href":"https:\/\/krankenhauspfarramt.de\/index.php\/wp-json\/wp\/v2\/posts\/5283\/revisions"}],"predecessor-version":[{"id":5285,"href":"https:\/\/krankenhauspfarramt.de\/index.php\/wp-json\/wp\/v2\/posts\/5283\/revisions\/5285"}],"wp:featuredmedia":[{"embeddable":true,"href":"https:\/\/krankenhauspfarramt.de\/index.php\/wp-json\/wp\/v2\/media\/5284"}],"wp:attachment":[{"href":"https:\/\/krankenhauspfarramt.de\/index.php\/wp-json\/wp\/v2\/media?parent=5283"}],"wp:term":[{"taxonomy":"category","embeddable":true,"href":"https:\/\/krankenhauspfarramt.de\/index.php\/wp-json\/wp\/v2\/categories?post=5283"},{"taxonomy":"post_tag","embeddable":true,"href":"https:\/\/krankenhauspfarramt.de\/index.php\/wp-json\/wp\/v2\/tags?post=5283"}],"curies":[{"name":"wp","href":"https:\/\/api.w.org\/{rel}","templated":true}]}}