{"id":5292,"date":"2023-01-16T11:57:40","date_gmt":"2023-01-16T11:57:40","guid":{"rendered":"https:\/\/krankenhauspfarramt.de\/index.php\/2023\/01\/16\/orgel-des-monats-januar-2023-ekd\/"},"modified":"2023-01-16T11:57:42","modified_gmt":"2023-01-16T11:57:42","slug":"orgel-des-monats-januar-2023-ekd","status":"publish","type":"post","link":"https:\/\/krankenhauspfarramt.de\/index.php\/2023\/01\/16\/orgel-des-monats-januar-2023-ekd\/","title":{"rendered":"\u201eOrgel des Monats Januar 2023\u201c \u2013 EKD"},"content":{"rendered":"<p> <br \/>\n<\/p>\n<div id=\"\">\n<div class=\"article--meta article--meta__border clearfix\">\n<p>                                    <time datetime=\"16.01.2023 11:00\" class=\"article--time\">16.01.2023<\/time><\/p>\n<p>                                     <strong class=\"article--type primus--overline\">Pressemitteilung<\/strong><\/p>\n<picture class=\"article--source-image image\"><source srcset=\"https:\/\/www.ekd.de\/ekd_de\/ds_img\/assets\/20170622_ekd-Quellenlogo_141_rdax_423x118.png\"><!--<source srcset=\"\/ekd_de\/ds_img\/assets\/20170622_ekd-Quellenlogo_141_rdax_141x39.png 1x, \/ekd_de\/ds_img\/assets\/20170622_ekd-Quellenlogo_141_rdax_282x78.png 2x, https:\/\/www.ekd.de\/ekd_de\/ds_img\/assets\/20170622_ekd-Quellenlogo_141_rdax_423x118.png 3x\">--><\/p>\n<p>    <\/source><\/picture>\n<\/p><\/div>\n<h2 class=\"article--sub-headline primus--sub-headline\">Ein \u201ekleines Wunder\u201c in Mengerschied<\/h2>\n<\/p><\/div>\n<div id=\"\">\n<p>Die Orgel der Evangelischen Kirche in Mengerschied (Hunsr\u00fcck) wird f\u00fcr rund 180.000 Euro instandgesetzt. Die von der Evangelischen Kirche in Deutschland (EKD) gegr\u00fcndete Stiftung Orgelklang w\u00fcrdigt das Instrument in diesem Jahr als \u201eOrgel des Monats Januar\u201c und f\u00f6rdert seine Sanierung mit 3.000 Euro.<\/p>\n<p>Das von den Br\u00fcdern Friederich Carl und Georg Carl Ernst Stumm im Jahr 1854 erbaute Instrument ist stark verschmutzt und muss von Schimmel und Holzw\u00fcrmern befreit werden. Auch die Trakturen, die Windanlage, die Pfeifen und der Spielschrank sind zu \u00fcberholen. \u201eDie historische Substanz der Orgel ist aber \u00fcber die Jahre weitgehend unver\u00e4ndert geblieben\u201c, sagt Helmbrecht Blatt, der Vorsitzende des \u201eF\u00f6rdervereins Orgel Mengerschied\u201c.<\/p>\n<p>Der Name der von Johann Michael Stumm (1683\u20131747) begr\u00fcndeten Orgelbauerdynastie galt schon im 18. Jahrhundert als Garant f\u00fcr bestm\u00f6gliche Qualit\u00e4t. Seine Nachkommen schufen in sieben Generationen mutma\u00dflich mehr als 370 Orgeln. Die Instrumente stehen in evangelischen und katholischen Kirchen und Abteien, aber auch in f\u00fcrstlichen Kapellen und Schlosskirchen. Das Klangbild blieb immer dem Sp\u00e4tbarock verhaftet; ab der zweiten H\u00e4lfte des 19.\u00a0Jahrhunderts galten sie zunehmend als altmodisch.<\/p>\n<p>Das Instrument in Mengerschied hat also einen hohen Denkmalwert. F\u00fcr Helmbrecht Blatt ist es schlicht \u201eein kleines Wunder\u201c. Die Stumm-Br\u00fcder h\u00e4tten eine perfekte Arbeit abgeliefert \u2013 \u201eund wir haben das Gl\u00fcck, diese Orgel h\u00f6ren zu d\u00fcrfen. Das, so hoffen wir, wird Mitte kommenden Jahres wieder m\u00f6glich sein.\u201c<\/p>\n<p><em>Die Stiftung Orgelklang der Evangelischen Kirche in Deutschland (EKD) pr\u00e4sentiert in jedem Monat eine \u201eOrgel des Monats\u201c. In diesem Jahr f\u00f6rdert sie 14 Projekte in einem Gesamtumfang von 50.000 Euro (bzw. 100.300 Euro inkl. Projektspenden). Seit 2010 hat sie 263 F\u00f6rderzusagen \u00fcber mehr rund 1,5 Millionen Euro gegeben (bzw. fast 2,2 Millionen Euro inkl. Projektspenden). Weitere Informationen finden Sie im Internet unter <\/em>www.stiftung-orgelklang.de<em>.<\/em><\/p>\n<p class=\"EKDAdressdaten\">Hannover, 16. Januar 2023<\/p>\n<p class=\"EKDAdressdaten\">Pressestelle der EKD<\/p>\n<\/div>\n","protected":false},"excerpt":{"rendered":"<p>16.01.2023 Pressemitteilung Ein \u201ekleines Wunder\u201c in Mengerschied Die Orgel der Evangelischen Kirche in Mengerschied (Hunsr\u00fcck) wird f\u00fcr rund 180.000 Euro<\/p>\n","protected":false},"author":1,"featured_media":569,"comment_status":"closed","ping_status":"closed","sticky":false,"template":"","format":"standard","meta":{"footnotes":""},"categories":[20],"tags":[],"_links":{"self":[{"href":"https:\/\/krankenhauspfarramt.de\/index.php\/wp-json\/wp\/v2\/posts\/5292"}],"collection":[{"href":"https:\/\/krankenhauspfarramt.de\/index.php\/wp-json\/wp\/v2\/posts"}],"about":[{"href":"https:\/\/krankenhauspfarramt.de\/index.php\/wp-json\/wp\/v2\/types\/post"}],"author":[{"embeddable":true,"href":"https:\/\/krankenhauspfarramt.de\/index.php\/wp-json\/wp\/v2\/users\/1"}],"replies":[{"embeddable":true,"href":"https:\/\/krankenhauspfarramt.de\/index.php\/wp-json\/wp\/v2\/comments?post=5292"}],"version-history":[{"count":1,"href":"https:\/\/krankenhauspfarramt.de\/index.php\/wp-json\/wp\/v2\/posts\/5292\/revisions"}],"predecessor-version":[{"id":5293,"href":"https:\/\/krankenhauspfarramt.de\/index.php\/wp-json\/wp\/v2\/posts\/5292\/revisions\/5293"}],"wp:featuredmedia":[{"embeddable":true,"href":"https:\/\/krankenhauspfarramt.de\/index.php\/wp-json\/wp\/v2\/media\/569"}],"wp:attachment":[{"href":"https:\/\/krankenhauspfarramt.de\/index.php\/wp-json\/wp\/v2\/media?parent=5292"}],"wp:term":[{"taxonomy":"category","embeddable":true,"href":"https:\/\/krankenhauspfarramt.de\/index.php\/wp-json\/wp\/v2\/categories?post=5292"},{"taxonomy":"post_tag","embeddable":true,"href":"https:\/\/krankenhauspfarramt.de\/index.php\/wp-json\/wp\/v2\/tags?post=5292"}],"curies":[{"name":"wp","href":"https:\/\/api.w.org\/{rel}","templated":true}]}}