{"id":5294,"date":"2023-01-16T16:00:23","date_gmt":"2023-01-16T16:00:23","guid":{"rendered":"https:\/\/krankenhauspfarramt.de\/index.php\/2023\/01\/16\/den-toten-die-wuerde-wiedergeben-ekd\/"},"modified":"2023-01-16T16:00:33","modified_gmt":"2023-01-16T16:00:33","slug":"den-toten-die-wuerde-wiedergeben-ekd","status":"publish","type":"post","link":"https:\/\/krankenhauspfarramt.de\/index.php\/2023\/01\/16\/den-toten-die-wuerde-wiedergeben-ekd\/","title":{"rendered":"\u201eDen Toten die W\u00fcrde wiedergeben\u201c \u2013 EKD"},"content":{"rendered":"<p> <br \/>\n<\/p>\n<div id=\"\">\n<div class=\"article--meta article--meta__border clearfix\">\n<p>                                    <time datetime=\"11.01.2023 09:00\" class=\"article--time\">11.01.2023<\/time><\/p>\n<p>                                     <strong class=\"article--type primus--overline\">Pressemitteilung<\/strong><\/p>\n<picture class=\"article--source-image image\"><source srcset=\"https:\/\/www.ekd.de\/ekd_de\/ds_img\/assets\/20170622_ekd-Quellenlogo_141_rdax_423x118.png\"><!--<source srcset=\"\/ekd_de\/ds_img\/assets\/20170622_ekd-Quellenlogo_141_rdax_141x39.png 1x, \/ekd_de\/ds_img\/assets\/20170622_ekd-Quellenlogo_141_rdax_282x78.png 2x, https:\/\/www.ekd.de\/ekd_de\/ds_img\/assets\/20170622_ekd-Quellenlogo_141_rdax_423x118.png 3x\">--><\/p>\n<p>    <\/source><\/picture>\n<\/p><\/div>\n<h2 class=\"article--sub-headline primus--sub-headline\">Der Leitende Bischof der VELKD, Ralf Meister, besucht das Vernichtungslager Auschwitz-Birkenau<\/h2>\n<\/p><\/div>\n<div id=\"\">\n<p class=\"VELKDFlietext\" style=\"margin-bottom:0cm; margin-left:0cm; margin-right:1.05pt; margin-top:0cm\"><span style=\"line-height:normal\">\u201eIn der Erinnerung geben wir den Toten die W\u00fcrde wieder, die ihnen unsere Vorv\u00e4ter und -m\u00fctter genommen haben\u201c, sagte Ralf Meister, Leitender Bischof der Vereinigten Evangelisch-Lutherischen Kirche in Deutschland (VELKD), bei seinem Besuch der Konzentrationslager in Auschwitz. <\/span><\/p>\n<p class=\"VELKDFlietext\" style=\"margin-bottom:0cm; margin-left:0cm; margin-right:1.05pt; margin-top:0cm\">\u00a0<\/p>\n<p class=\"VELKDFlietext\" style=\"margin-bottom:0cm; margin-left:0cm; margin-right:1.05pt; margin-top:0cm\"><span style=\"line-height:normal\">Im Rahmen eines Vorbereitungstreffens f\u00fcr die Vollversammlung des Lutherischen Weltbundes (LWB) in Krakau im September 2023 nahmen sich die etwa 80 Delegierten und G\u00e4ste Zeit, den wohl schrecklichsten Tatort der NS-Verbrechen zu besichtigen, an dem 1,1 Millionen Menschen, die allermeisten davon J\u00fcdinnen und Juden, ermordet wurden. Zusammen mit dem Landesbischof der Evangelischen Kirche in Mitteldeutschland, Friedrich Kramer, hielt Bischof Meister eine kurze Andacht an dem internationalen Denkmal auf dem Gel\u00e4nde des Vernichtungslagers Birkenau (KZ Auschwitz II). \u201eDas wirklich Irrationale und tats\u00e4chlich Unerkl\u00e4rbare\u201c, zitierte Meister angesichts der bis ins kleinste Detail durchgeplanten T\u00f6tungsmaschinerie den Schriftsteller und KZ-\u00dcberlebenden Imre Kert\u00e9sz, \u201eist nicht das B\u00f6se. Im Gegenteil, es ist das Gute.\u201c Auschwitz bleibe uns \u201eanvertraut\u201c, wie es Siegfried Lenz schon sagte. Mit dieser Erinnerung Frieden schlie\u00dfen zu wollen, \u201esei eine Illusion \u2013 denn die Heimsuchungen nehmen kein Ende.\u201c<\/span><\/p>\n<p class=\"VELKDFlietext\" style=\"margin-bottom:0cm; margin-left:0cm; margin-right:1.05pt; margin-top:0cm\">\u00a0<\/p>\n<p class=\"VELKDFlietext\" style=\"margin-bottom:0cm; margin-left:0cm; margin-right:1.05pt; margin-top:0cm\"><span style=\"line-height:normal\">Zuvor hatte die stellvertretende Vorsitzende der VELKD-Bischofskonferenz, Kristina K\u00fchnbaum-Schmidt, zusammen mit dem Bischof der Evangelisch-Augsburgischen Kirche in Polen (EAKP), Jerzy Samiec, an der \u201eSchwarzen Wand\u201c des Stammlagers Auschwitz einen Kranz niedergelegt. Die mit schwarzen Isolierplatten belegte Wand zwischen Block 10 und 11 war der Exekutionsort f\u00fcr die Todesstrafen, die Scheingerichte im KZ f\u00e4llten.<\/span><\/p>\n<p class=\"VELKDFlietext\" style=\"margin-bottom:0cm; margin-left:0cm; margin-right:1.05pt; margin-top:0cm\">\u00a0<\/p>\n<p class=\"VELKDFlietext\" style=\"margin-bottom:0cm; margin-left:0cm; margin-right:1.05pt; margin-top:0cm\"><span style=\"line-height:normal\">Das Vorbereitungstreffen wurde organisiert vom Deutschen Nationalkomitee des LWB in Zusammenarbeit mit der EAKP. Auf der Tagesordnung stand auch die Beratung \u00fcber ein Dokument zum christlich-j\u00fcdischen Verh\u00e4ltnis. Die n\u00e4chste LWB-Vollversammlung findet vom 13. bis 19. September 2023 in Krakau statt. Es wird mit rund 350 Teilnehmenden aus lutherischen Kirchen weltweit gerechnet.<\/span><\/p>\n<p class=\"VELKDFlietext\" style=\"margin-bottom:0cm; margin-left:0cm; margin-right:1.05pt; margin-top:0cm\">\u00a0<\/p>\n<p class=\"VELKDFlietext\" style=\"margin-bottom:0cm; margin-left:0cm; margin-right:1.05pt; margin-top:0cm\"><em>Weitere Informationen und Bilder auf Anfrage \u2013 Kontakt: Dr. Frank Hofmann, Mobil: +49 163\u00a02001411, E-Mail: <\/em><em>hofmann@velkd.de<\/em><em>.<\/em><\/p>\n<p class=\"VELKDFlietext\" style=\"margin-bottom:0cm; margin-left:0cm; margin-right:1.05pt; margin-top:0cm\">\u00a0<\/p>\n<p class=\"VELKDFlietext\" style=\"margin-bottom:0cm; margin-left:0cm; margin-right:1.05pt; margin-top:0cm\"><span style=\"line-height:normal\">Hannover, 11. Januar 2023<\/span><\/p>\n<p class=\"VELKDFlietext\" style=\"margin-bottom:0cm; margin-left:0cm; margin-right:1.05pt; margin-top:0cm\">\u00a0<\/p>\n<p class=\"VELKDFlietext\" style=\"margin-bottom:0cm; margin-left:0cm; margin-right:1.05pt; margin-top:0cm\"><span style=\"line-height:normal\">Pressestelle der VELKD<\/span><\/p>\n<p class=\"VELKDFlietext\" style=\"margin-bottom:0cm; margin-left:0cm; margin-right:1.05pt; margin-top:0cm\"><span style=\"line-height:14pt\">Dr. Frank Hofmann<\/span><\/p>\n<\/div>\n","protected":false},"excerpt":{"rendered":"<p>11.01.2023 Pressemitteilung Der Leitende Bischof der VELKD, Ralf Meister, besucht das Vernichtungslager Auschwitz-Birkenau \u201eIn der Erinnerung geben wir den Toten<\/p>\n","protected":false},"author":1,"featured_media":5295,"comment_status":"closed","ping_status":"closed","sticky":false,"template":"","format":"standard","meta":{"footnotes":""},"categories":[20],"tags":[],"_links":{"self":[{"href":"https:\/\/krankenhauspfarramt.de\/index.php\/wp-json\/wp\/v2\/posts\/5294"}],"collection":[{"href":"https:\/\/krankenhauspfarramt.de\/index.php\/wp-json\/wp\/v2\/posts"}],"about":[{"href":"https:\/\/krankenhauspfarramt.de\/index.php\/wp-json\/wp\/v2\/types\/post"}],"author":[{"embeddable":true,"href":"https:\/\/krankenhauspfarramt.de\/index.php\/wp-json\/wp\/v2\/users\/1"}],"replies":[{"embeddable":true,"href":"https:\/\/krankenhauspfarramt.de\/index.php\/wp-json\/wp\/v2\/comments?post=5294"}],"version-history":[{"count":1,"href":"https:\/\/krankenhauspfarramt.de\/index.php\/wp-json\/wp\/v2\/posts\/5294\/revisions"}],"predecessor-version":[{"id":5296,"href":"https:\/\/krankenhauspfarramt.de\/index.php\/wp-json\/wp\/v2\/posts\/5294\/revisions\/5296"}],"wp:featuredmedia":[{"embeddable":true,"href":"https:\/\/krankenhauspfarramt.de\/index.php\/wp-json\/wp\/v2\/media\/5295"}],"wp:attachment":[{"href":"https:\/\/krankenhauspfarramt.de\/index.php\/wp-json\/wp\/v2\/media?parent=5294"}],"wp:term":[{"taxonomy":"category","embeddable":true,"href":"https:\/\/krankenhauspfarramt.de\/index.php\/wp-json\/wp\/v2\/categories?post=5294"},{"taxonomy":"post_tag","embeddable":true,"href":"https:\/\/krankenhauspfarramt.de\/index.php\/wp-json\/wp\/v2\/tags?post=5294"}],"curies":[{"name":"wp","href":"https:\/\/api.w.org\/{rel}","templated":true}]}}