{"id":5302,"date":"2023-01-23T20:08:10","date_gmt":"2023-01-23T20:08:10","guid":{"rendered":"https:\/\/krankenhauspfarramt.de\/index.php\/2023\/01\/23\/digitale-haus-der-seelsorge-und-beratung-ekd\/"},"modified":"2023-01-23T20:08:13","modified_gmt":"2023-01-23T20:08:13","slug":"digitale-haus-der-seelsorge-und-beratung-ekd","status":"publish","type":"post","link":"https:\/\/krankenhauspfarramt.de\/index.php\/2023\/01\/23\/digitale-haus-der-seelsorge-und-beratung-ekd\/","title":{"rendered":"Digitale Haus der Seelsorge und Beratung \u2013 EKD"},"content":{"rendered":"<p> <br \/>\n<\/p>\n<div id=\"\">\n<p>Der Bedarf an digitalen Zug\u00e4ngen zu Seelsorge- und Beratungsangeboten der Kirchen ist gro\u00df und w\u00e4chst stetig weiter. Viele Menschen jeden Alters suchen die digitalen Angebote auf, weil sie leicht zu erreichen sind und sie von jeder und jedem anonym in Anspruch genommen werden k\u00f6nnen. Gerade hochgradig schambehaftete Themen werden oft auf den digitalen Kan\u00e4len besprochen. Durch eine Suchmaske auf dem Portal des &#8222;DigiHauses&#8220; und sogenannter &#8222;dezentraler Zug\u00e4nge&#8220; auf den je eigenen Webseiten, kommt schlie\u00dflich der Kontakt zu ratsuchenden Menschen zustande.\u00a0<br \/>\u00a0<br \/>Das Zentrum f\u00fcr Seelsorge und Beratung der Landeskirche Hannovers ist darum sehr gl\u00fccklich, nun in den Aufbau einer digitalen Infrastruktur investieren zu k\u00f6nnen. Dabei werden wir von der EKD finanziell unterst\u00fctzt.\u00a0Es entsteht das \u201eDigitale Haus der Seelsorge und Beratung\u201c!<br \/>\u00a0<br \/>Mit diesem digitalen Haus wird ein tragf\u00e4higes, digitales Portal im Internet geschaffen, das neben den Kommunikationskan\u00e4len Chat, Email und Video, mit Online-Magazin, Webinar-Bereich, Videokursen und einem Intranet ein starkes Angebot f\u00fcr sichere Seelsorge und Beratung bereitstellt.<br \/>\u00a0<br \/>Sie k\u00f6nnen dabei sein! Jede Kirchengemeinde und jede Beratungsstelle innerhalb der EKD und dar\u00fcber hinaus kann Teil des DigiHauses werden.\u00a0<br \/>\u00a0<br \/>Auf der Webseite\u00a0des Projektes finden Sie immer wieder weitere Informationen zum Baufortschritt und aktuellen Stand der Dinge. Dort liegt auch das Konzept zum Download bereit. Dort k\u00f6nnen Sie bei Interesse auch mit den Projekttr\u00e4gern in Kontakt treten.\u00a0<\/p>\n<p>Das Projekt wird mit 75.000 Euro vom Digitalinnovationsfonds gef\u00f6rdert.<\/p>\n<\/div>\n","protected":false},"excerpt":{"rendered":"<p>Der Bedarf an digitalen Zug\u00e4ngen zu Seelsorge- und Beratungsangeboten der Kirchen ist gro\u00df und w\u00e4chst stetig weiter. Viele Menschen jeden<\/p>\n","protected":false},"author":1,"featured_media":5303,"comment_status":"closed","ping_status":"closed","sticky":false,"template":"","format":"standard","meta":{"footnotes":""},"categories":[20],"tags":[],"_links":{"self":[{"href":"https:\/\/krankenhauspfarramt.de\/index.php\/wp-json\/wp\/v2\/posts\/5302"}],"collection":[{"href":"https:\/\/krankenhauspfarramt.de\/index.php\/wp-json\/wp\/v2\/posts"}],"about":[{"href":"https:\/\/krankenhauspfarramt.de\/index.php\/wp-json\/wp\/v2\/types\/post"}],"author":[{"embeddable":true,"href":"https:\/\/krankenhauspfarramt.de\/index.php\/wp-json\/wp\/v2\/users\/1"}],"replies":[{"embeddable":true,"href":"https:\/\/krankenhauspfarramt.de\/index.php\/wp-json\/wp\/v2\/comments?post=5302"}],"version-history":[{"count":1,"href":"https:\/\/krankenhauspfarramt.de\/index.php\/wp-json\/wp\/v2\/posts\/5302\/revisions"}],"predecessor-version":[{"id":5304,"href":"https:\/\/krankenhauspfarramt.de\/index.php\/wp-json\/wp\/v2\/posts\/5302\/revisions\/5304"}],"wp:featuredmedia":[{"embeddable":true,"href":"https:\/\/krankenhauspfarramt.de\/index.php\/wp-json\/wp\/v2\/media\/5303"}],"wp:attachment":[{"href":"https:\/\/krankenhauspfarramt.de\/index.php\/wp-json\/wp\/v2\/media?parent=5302"}],"wp:term":[{"taxonomy":"category","embeddable":true,"href":"https:\/\/krankenhauspfarramt.de\/index.php\/wp-json\/wp\/v2\/categories?post=5302"},{"taxonomy":"post_tag","embeddable":true,"href":"https:\/\/krankenhauspfarramt.de\/index.php\/wp-json\/wp\/v2\/tags?post=5302"}],"curies":[{"name":"wp","href":"https:\/\/api.w.org\/{rel}","templated":true}]}}