{"id":5308,"date":"2023-01-25T09:39:12","date_gmt":"2023-01-25T09:39:12","guid":{"rendered":"https:\/\/krankenhauspfarramt.de\/index.php\/2023\/01\/25\/blumensamen-bestellen-und-hoffnung-saeen-ekd\/"},"modified":"2023-01-25T09:39:14","modified_gmt":"2023-01-25T09:39:14","slug":"blumensamen-bestellen-und-hoffnung-saeen-ekd","status":"publish","type":"post","link":"https:\/\/krankenhauspfarramt.de\/index.php\/2023\/01\/25\/blumensamen-bestellen-und-hoffnung-saeen-ekd\/","title":{"rendered":"Blumensamen bestellen und Hoffnung s\u00e4en \u2013 EKD"},"content":{"rendered":"<p> <br \/>\n<\/p>\n<div>\n<p>Die EKD wolle mit der Aktion viele blaue Kornblumen und gelbe Sonnenblumen pflanzen. Die Blumen in den Farben der Ukraine sollen zeigen: \u201eWir geben die Hoffnung nicht auf, dass dieses Land Zukunft hat. Sie sind Symbol unserer Sehnsucht nach Leben in Frieden und Freiheit in Europa. Wir beten f\u00fcr die Menschen in der Ukraine.\u201c<\/p>\n<p>F\u00fcr die Aktion #hoffnungs\u00e4en k\u00f6nnen Samen von Sonnenblumen und Kornblumen bei der EKD kostenfrei bestellt werden, um sie als Zeichen der Hoffnung zu pflanzen und zugleich humanit\u00e4re Hilfe in der Ukraine zu unterst\u00fctzen, hie\u00df es weiter. Zu der bundesweiten Aktion geh\u00f6rt ein Gebet zum ersten Sonntag der Passionszeit am 26. Februar.<\/p>\n<p>Die EKD ruft zudem zu Spenden f\u00fcr Libereco e.V. auf. Die deutsch-schweizerische Hilfsorganisation leiste seit 2014 mit lokalen Partnern wie Vostok SOS humanit\u00e4re Hilfe in der Ukraine. Jede Spende helfe, Menschen aus umk\u00e4mpften Gebieten zu evakuieren, humanit\u00e4re Hilfe zu verteilen, sowie Not- und Pflegeunterk\u00fcnfte zu schaffen.<\/p>\n<\/p><\/div>\n","protected":false},"excerpt":{"rendered":"<p>Die EKD wolle mit der Aktion viele blaue Kornblumen und gelbe Sonnenblumen pflanzen. Die Blumen in den Farben der Ukraine<\/p>\n","protected":false},"author":1,"featured_media":5309,"comment_status":"closed","ping_status":"closed","sticky":false,"template":"","format":"standard","meta":{"footnotes":""},"categories":[20],"tags":[],"_links":{"self":[{"href":"https:\/\/krankenhauspfarramt.de\/index.php\/wp-json\/wp\/v2\/posts\/5308"}],"collection":[{"href":"https:\/\/krankenhauspfarramt.de\/index.php\/wp-json\/wp\/v2\/posts"}],"about":[{"href":"https:\/\/krankenhauspfarramt.de\/index.php\/wp-json\/wp\/v2\/types\/post"}],"author":[{"embeddable":true,"href":"https:\/\/krankenhauspfarramt.de\/index.php\/wp-json\/wp\/v2\/users\/1"}],"replies":[{"embeddable":true,"href":"https:\/\/krankenhauspfarramt.de\/index.php\/wp-json\/wp\/v2\/comments?post=5308"}],"version-history":[{"count":1,"href":"https:\/\/krankenhauspfarramt.de\/index.php\/wp-json\/wp\/v2\/posts\/5308\/revisions"}],"predecessor-version":[{"id":5310,"href":"https:\/\/krankenhauspfarramt.de\/index.php\/wp-json\/wp\/v2\/posts\/5308\/revisions\/5310"}],"wp:featuredmedia":[{"embeddable":true,"href":"https:\/\/krankenhauspfarramt.de\/index.php\/wp-json\/wp\/v2\/media\/5309"}],"wp:attachment":[{"href":"https:\/\/krankenhauspfarramt.de\/index.php\/wp-json\/wp\/v2\/media?parent=5308"}],"wp:term":[{"taxonomy":"category","embeddable":true,"href":"https:\/\/krankenhauspfarramt.de\/index.php\/wp-json\/wp\/v2\/categories?post=5308"},{"taxonomy":"post_tag","embeddable":true,"href":"https:\/\/krankenhauspfarramt.de\/index.php\/wp-json\/wp\/v2\/tags?post=5308"}],"curies":[{"name":"wp","href":"https:\/\/api.w.org\/{rel}","templated":true}]}}