{"id":5319,"date":"2023-01-26T18:47:45","date_gmt":"2023-01-26T18:47:45","guid":{"rendered":"https:\/\/krankenhauspfarramt.de\/index.php\/2023\/01\/26\/kirchenpraesident-jung-bleibt-aufsichtsratschef-des-gep-ekd\/"},"modified":"2023-01-26T18:47:47","modified_gmt":"2023-01-26T18:47:47","slug":"kirchenpraesident-jung-bleibt-aufsichtsratschef-des-gep-ekd","status":"publish","type":"post","link":"https:\/\/krankenhauspfarramt.de\/index.php\/2023\/01\/26\/kirchenpraesident-jung-bleibt-aufsichtsratschef-des-gep-ekd\/","title":{"rendered":"Kirchenpr\u00e4sident Jung bleibt Aufsichtsratschef des GEP \u2013 EKD"},"content":{"rendered":"<p> <br \/>\n<\/p>\n<div>\n<p style=\"margin-left:0cm; margin-right:0cm\">Frankfurt a.M. (epd). Kirchenpr\u00e4sident Volker Jung bleibt Aufsichtsrats-Vorsitzender des Gemeinschaftswerks der Evangelischen Publizistik (GEP). Der leitende Theologe der hessen-nassauischen Landeskirche wurde bei der konstituierenden Sitzung des neuen Aufsichtsrats einstimmig wiedergew\u00e4hlt, wie das GEP am Donnerstag in Frankfurt am Main mitteilte. Jung leitet das Gremium seit 2015. Neuer stellvertretender Vorsitzender ist der Vizepr\u00e4sident der rheinischen Landeskirche, Johann Weusmann.<\/p>\n<\/p><\/div>\n<div id=\"\">\n<p>Der 15-k\u00f6pfige Aufsichtsrat der zentralen Medieneinrichtung der Evangelischen Kirche in Deutschland (EKD) hat nunmehr acht neue Mitglieder. Die Kirchenkonferenz der EKD berief die Hamburger Bisch\u00f6fin und stellvertretende EKD-Ratsvorsitzende Kirsten Fehrs, die pf\u00e4lzische Kirchenpr\u00e4sidentin Dorothee W\u00fcst, Oberkirchenr\u00e4tin Franziska B\u00f6nsch von der Landeskirche Anhalts und den neuen w\u00fcrttembergischen Landesbischof Ernst-Wilhelm Gohl in das Gremium.<\/p>\n<p>Als Medien-Fachleute benannte der Rat der EKD drei Pers\u00f6nlichkeiten neu: Constanze Kurz vom Chaos Computer Club (CCC), die Chefreporterin des Nachrichtenportals \u201et-online.de\u201c, Miriam Hollstein, und die Leiterin des Programmbereichs Kultur beim NDR, Anja W\u00fcrzberg-Wollermann. Zudem \u00fcbernahm die Pr\u00e4sidentin der Hilfswerke Brot f\u00fcr die Welt und Diakonie Katastrophenhilfe, Dagmar Pruin, das Aufsichtsrats-Mandat des Evangelischen Werks f\u00fcr Diakonie und Entwicklung von Diakonie-Pr\u00e4sident Ulrich Lilie.<\/p>\n<p>Die Unternehmensgruppe GEP in Frankfurt am Main ist mit ihren angeschlossenen Unternehmen das zentrale Medienunternehmen der EKD und als Mediendienstleister f\u00fcr die Gemeinschaft der Gliedkirchen t\u00e4tig. Leiter des GEP ist Direktor J\u00f6rg Bollmann. Das GEP tr\u00e4gt unter anderem das Monatsmagazin \u201echrismon\u201c, die Zentralredaktion des Evangelischen Pressedienstes (epd), die Rundfunkarbeit der EKD und das Internetportal \u201eevangelisch.de\u201c.<\/p>\n<\/div>\n","protected":false},"excerpt":{"rendered":"<p>Frankfurt a.M. (epd). Kirchenpr\u00e4sident Volker Jung bleibt Aufsichtsrats-Vorsitzender des Gemeinschaftswerks der Evangelischen Publizistik (GEP). Der leitende Theologe der hessen-nassauischen Landeskirche<\/p>\n","protected":false},"author":1,"featured_media":5320,"comment_status":"closed","ping_status":"closed","sticky":false,"template":"","format":"standard","meta":{"footnotes":""},"categories":[20],"tags":[],"_links":{"self":[{"href":"https:\/\/krankenhauspfarramt.de\/index.php\/wp-json\/wp\/v2\/posts\/5319"}],"collection":[{"href":"https:\/\/krankenhauspfarramt.de\/index.php\/wp-json\/wp\/v2\/posts"}],"about":[{"href":"https:\/\/krankenhauspfarramt.de\/index.php\/wp-json\/wp\/v2\/types\/post"}],"author":[{"embeddable":true,"href":"https:\/\/krankenhauspfarramt.de\/index.php\/wp-json\/wp\/v2\/users\/1"}],"replies":[{"embeddable":true,"href":"https:\/\/krankenhauspfarramt.de\/index.php\/wp-json\/wp\/v2\/comments?post=5319"}],"version-history":[{"count":1,"href":"https:\/\/krankenhauspfarramt.de\/index.php\/wp-json\/wp\/v2\/posts\/5319\/revisions"}],"predecessor-version":[{"id":5321,"href":"https:\/\/krankenhauspfarramt.de\/index.php\/wp-json\/wp\/v2\/posts\/5319\/revisions\/5321"}],"wp:featuredmedia":[{"embeddable":true,"href":"https:\/\/krankenhauspfarramt.de\/index.php\/wp-json\/wp\/v2\/media\/5320"}],"wp:attachment":[{"href":"https:\/\/krankenhauspfarramt.de\/index.php\/wp-json\/wp\/v2\/media?parent=5319"}],"wp:term":[{"taxonomy":"category","embeddable":true,"href":"https:\/\/krankenhauspfarramt.de\/index.php\/wp-json\/wp\/v2\/categories?post=5319"},{"taxonomy":"post_tag","embeddable":true,"href":"https:\/\/krankenhauspfarramt.de\/index.php\/wp-json\/wp\/v2\/tags?post=5319"}],"curies":[{"name":"wp","href":"https:\/\/api.w.org\/{rel}","templated":true}]}}