{"id":532,"date":"2020-03-24T13:18:53","date_gmt":"2020-03-24T13:18:53","guid":{"rendered":"https:\/\/krankenhauspfarramt.de\/?p=532"},"modified":"2020-03-24T16:05:23","modified_gmt":"2020-03-24T16:05:23","slug":"evangelische-kirche-ruft-zu-zuversicht-und-zusammenhalt-auf-ekd","status":"publish","type":"post","link":"https:\/\/krankenhauspfarramt.de\/index.php\/2020\/03\/24\/evangelische-kirche-ruft-zu-zuversicht-und-zusammenhalt-auf-ekd\/","title":{"rendered":"Evangelische Kirche ruft zu Zuversicht und Zusammenhalt auf \u2013 EKD"},"content":{"rendered":"\n<div>\n<p>Die Theologin K\u00e4\u00dfmann bedauerte in ihrer \u201eBild am Sonntag\u201c-Kolumne sehr, dass derzeit keine Gottesdienste in den Kirchen gefeiert werden. \u201eGerade in Zeiten der Not, der Krise, von Krieg und Leid kamen Menschen seit Jahrtausenden \u00fcberall auf der Welt zusammen, um miteinander zu singen und zu beten\u201c, schrieb sie. Deshalb seien Fernseh- und Rundfunkgottesdienste jetzt dringend notwendig: \u201e\u00dcberall entstehen neue Podcasts und Videos, die ermutigen.\u201c<\/p>\n<h3>Videobotschaften von Geistlichen und Gottesdienst-Streams<\/h3>\n<p>Auch in Videobotschaften wendeten sich am Wochenende Bisch\u00f6fe an die Menschen. Der braunschweigische Landesbischof Christoph Meyns appellierte, die Hoffnung zu bewahren. Seine eigene Meine Mutter lebe seit dem Tod des Vaters allein, Hunderte von Kilometern entfernt, berichtete Meyns in seiner ersten Andacht einer Reihe, die von der Landeskirche im Internet \u00fcbertragen wird. \u201eBesuche verbieten sich im Moment. Wie gut, dass wir \u00fcber E-Mail und Telefon in Kontakt bleiben k\u00f6nnen.\u201c So habe sie ihm ein Bild vom Grabstein seines Vaters gemailt mit dem Bibelvers \u201eFinsternis ist wie das Licht\u201c, sagte Meyns: \u201eGott ist mit seinem Licht mitten in der Finsternis.\u201c<\/p>\n<p>Der Oldenburger Bischof Thomas Adomeit betonte, die Kirche bleibe f\u00fcr die Menschen da. Diejenigen, die Kontakt oder Trost suchen, forderte ausdr\u00fccklich dazu auf: \u201eRufen Sie an, schreiben Sie, Mails oder auch Briefe. Melden Sie sich bitte!\u201c<\/p>\n<p>Die hannoversche Landeskirche streamte einen Gottesdienst mit der Pastorin Anke Merscher-Sch\u00fcler aus der bis auf ein Filmteam vom Evangelischen Kirchenfunk Niedersachsen-Bremen (ekn) sonst menschenleeren evangelischen Pauluskirche in Hannover. Hoffnung machten ihr die vielen kleinen Zeichen der Zuwendung: eine Tafel Schokolade f\u00fcr die Kassiererin im Supermarkt, abendliches Singen vom Balkon oder Applaus f\u00fcr die \u00c4rzte und Krankenschwestern, sagte die Pastorin: \u201eEin wunderbarer Wettbewerb, anderen Freude zu machen.\u201c<\/p>\n<\/div>\n","protected":false},"excerpt":{"rendered":"<p>Die Theologin K\u00e4\u00dfmann bedauerte in ihrer \u201eBild am Sonntag\u201c-Kolumne sehr, dass derzeit keine Gottesdienste in den Kirchen gefeiert werden. \u201eGerade<\/p>\n","protected":false},"author":1,"featured_media":533,"comment_status":"closed","ping_status":"closed","sticky":false,"template":"","format":"standard","meta":{"footnotes":""},"categories":[20],"tags":[],"_links":{"self":[{"href":"https:\/\/krankenhauspfarramt.de\/index.php\/wp-json\/wp\/v2\/posts\/532"}],"collection":[{"href":"https:\/\/krankenhauspfarramt.de\/index.php\/wp-json\/wp\/v2\/posts"}],"about":[{"href":"https:\/\/krankenhauspfarramt.de\/index.php\/wp-json\/wp\/v2\/types\/post"}],"author":[{"embeddable":true,"href":"https:\/\/krankenhauspfarramt.de\/index.php\/wp-json\/wp\/v2\/users\/1"}],"replies":[{"embeddable":true,"href":"https:\/\/krankenhauspfarramt.de\/index.php\/wp-json\/wp\/v2\/comments?post=532"}],"version-history":[{"count":2,"href":"https:\/\/krankenhauspfarramt.de\/index.php\/wp-json\/wp\/v2\/posts\/532\/revisions"}],"predecessor-version":[{"id":535,"href":"https:\/\/krankenhauspfarramt.de\/index.php\/wp-json\/wp\/v2\/posts\/532\/revisions\/535"}],"wp:featuredmedia":[{"embeddable":true,"href":"https:\/\/krankenhauspfarramt.de\/index.php\/wp-json\/wp\/v2\/media\/533"}],"wp:attachment":[{"href":"https:\/\/krankenhauspfarramt.de\/index.php\/wp-json\/wp\/v2\/media?parent=532"}],"wp:term":[{"taxonomy":"category","embeddable":true,"href":"https:\/\/krankenhauspfarramt.de\/index.php\/wp-json\/wp\/v2\/categories?post=532"},{"taxonomy":"post_tag","embeddable":true,"href":"https:\/\/krankenhauspfarramt.de\/index.php\/wp-json\/wp\/v2\/tags?post=532"}],"curies":[{"name":"wp","href":"https:\/\/api.w.org\/{rel}","templated":true}]}}