{"id":5328,"date":"2023-01-30T21:59:28","date_gmt":"2023-01-30T21:59:28","guid":{"rendered":"https:\/\/krankenhauspfarramt.de\/index.php\/2023\/01\/30\/evangelische-kirche-will-kampf-gegen-antiziganismus-verstaerken-ekd\/"},"modified":"2023-01-30T21:59:30","modified_gmt":"2023-01-30T21:59:30","slug":"evangelische-kirche-will-kampf-gegen-antiziganismus-verstaerken-ekd","status":"publish","type":"post","link":"https:\/\/krankenhauspfarramt.de\/index.php\/2023\/01\/30\/evangelische-kirche-will-kampf-gegen-antiziganismus-verstaerken-ekd\/","title":{"rendered":"Evangelische Kirche will Kampf gegen Antiziganismus verst\u00e4rken \u2013 EKD"},"content":{"rendered":"<p> <br \/>\n<\/p>\n<div>\n<p style=\"margin-left:0cm; margin-right:0cm\">Heidelberg (epd). Die Evangelische Kirche in Deutschland (EKD) will sich st\u00e4rker gegen Antiziganismus engagieren. Im Rahmen eines Gedenkgottesdienstes f\u00fcr die 500.000 in der NS-Zeit ermordeten Sinti und Roma anl\u00e4sslich des Gedenktags f\u00fcr die Opfer der NS-Gewaltherrschaft will der Rat der EKD am Sonntag im Berliner Dom eine entsprechende Erkl\u00e4rung abgeben. \u00dcbergeben wird die Erkl\u00e4rung im Anschluss von der EKD-Bevollm\u00e4chtigten bei Bundesregierung und EU, Pr\u00e4latin Anne Gidion, an den Vorsitzenden des Zentralrates der Sinti und Roma, Romani Rose, wie das Dokumentations- und Kulturzentrum Deutscher Sinti und Roma in Heidelberg am Freitag ank\u00fcndigte.<\/p>\n<p style=\"margin-left:0cm; margin-right:0cm\">Die Berliner Domgemeinde erkl\u00e4rte am Freitag, es habe \u201elange gedauert, bis dieser V\u00f6lkermord einen Platz fand in der deutschen Erinnerungskultur und der evangelischen Kirche\u201c. Mit der Erkl\u00e4rung w\u00fcrden die EKD, der Zentralrat Deutscher Sinti und Roma sowie das Netzwerk Sinti, Roma und Kirchen erstmals offiziell ihre Zusammenarbeit festigen. Ziel sei es, die lange Geschichte der Ausgrenzung und Verfolgung aufzuarbeiten und die Partizipation von Sinti und Roma in Politik und Gesellschaft zu st\u00e4rken. Laut Domgemeinde gab es 2020 und 2022 im Berliner Dom die ersten deutschlandweiten Gedenkgottesdienste f\u00fcr die ermordeten Sinti und Roma.<\/p>\n<\/p><\/div>\n","protected":false},"excerpt":{"rendered":"<p>Heidelberg (epd). Die Evangelische Kirche in Deutschland (EKD) will sich st\u00e4rker gegen Antiziganismus engagieren. Im Rahmen eines Gedenkgottesdienstes f\u00fcr die<\/p>\n","protected":false},"author":1,"featured_media":5329,"comment_status":"closed","ping_status":"closed","sticky":false,"template":"","format":"standard","meta":{"footnotes":""},"categories":[20],"tags":[],"_links":{"self":[{"href":"https:\/\/krankenhauspfarramt.de\/index.php\/wp-json\/wp\/v2\/posts\/5328"}],"collection":[{"href":"https:\/\/krankenhauspfarramt.de\/index.php\/wp-json\/wp\/v2\/posts"}],"about":[{"href":"https:\/\/krankenhauspfarramt.de\/index.php\/wp-json\/wp\/v2\/types\/post"}],"author":[{"embeddable":true,"href":"https:\/\/krankenhauspfarramt.de\/index.php\/wp-json\/wp\/v2\/users\/1"}],"replies":[{"embeddable":true,"href":"https:\/\/krankenhauspfarramt.de\/index.php\/wp-json\/wp\/v2\/comments?post=5328"}],"version-history":[{"count":1,"href":"https:\/\/krankenhauspfarramt.de\/index.php\/wp-json\/wp\/v2\/posts\/5328\/revisions"}],"predecessor-version":[{"id":5330,"href":"https:\/\/krankenhauspfarramt.de\/index.php\/wp-json\/wp\/v2\/posts\/5328\/revisions\/5330"}],"wp:featuredmedia":[{"embeddable":true,"href":"https:\/\/krankenhauspfarramt.de\/index.php\/wp-json\/wp\/v2\/media\/5329"}],"wp:attachment":[{"href":"https:\/\/krankenhauspfarramt.de\/index.php\/wp-json\/wp\/v2\/media?parent=5328"}],"wp:term":[{"taxonomy":"category","embeddable":true,"href":"https:\/\/krankenhauspfarramt.de\/index.php\/wp-json\/wp\/v2\/categories?post=5328"},{"taxonomy":"post_tag","embeddable":true,"href":"https:\/\/krankenhauspfarramt.de\/index.php\/wp-json\/wp\/v2\/tags?post=5328"}],"curies":[{"name":"wp","href":"https:\/\/api.w.org\/{rel}","templated":true}]}}