{"id":5331,"date":"2023-02-01T09:48:34","date_gmt":"2023-02-01T09:48:34","guid":{"rendered":"https:\/\/krankenhauspfarramt.de\/index.php\/2023\/02\/01\/kirche-des-monats-februar-2023-in-remda-ekd\/"},"modified":"2023-02-01T09:48:37","modified_gmt":"2023-02-01T09:48:37","slug":"kirche-des-monats-februar-2023-in-remda-ekd","status":"publish","type":"post","link":"https:\/\/krankenhauspfarramt.de\/index.php\/2023\/02\/01\/kirche-des-monats-februar-2023-in-remda-ekd\/","title":{"rendered":"\u201eKirche des Monats Februar 2023\u201c in Remda \u2013 EKD"},"content":{"rendered":"<p> <br \/>\n<\/p>\n<div id=\"\">\n<div class=\"article--meta article--meta__border clearfix\">\n<p>                                    <time datetime=\"01.02.2023 09:00\" class=\"article--time\">01.02.2023<\/time><\/p>\n<p>                                     <strong class=\"article--type primus--overline\">Pressemitteilung<\/strong><\/p>\n<picture class=\"article--source-image image\"><source srcset=\"https:\/\/www.ekd.de\/ekd_de\/ds_img\/assets\/20170622_ekd-Quellenlogo_141_rdax_423x118.png\"><!--<source srcset=\"\/ekd_de\/ds_img\/assets\/20170622_ekd-Quellenlogo_141_rdax_141x39.png 1x, \/ekd_de\/ds_img\/assets\/20170622_ekd-Quellenlogo_141_rdax_282x78.png 2x, https:\/\/www.ekd.de\/ekd_de\/ds_img\/assets\/20170622_ekd-Quellenlogo_141_rdax_423x118.png 3x\">--><\/p>\n<p>    <\/source><\/picture>\n<\/p><\/div>\n<h2 class=\"article--sub-headline primus--sub-headline\">Eine neue Kopfbedeckung f\u00fcr den alten Turm <\/h2>\n<\/p><\/div>\n<div id=\"\">\n<p>Die Kirche St. Simon und Juda im th\u00fcringischen Remda ist die \u201eKirche des Monats Februar 2023\u201c der Stiftung zur Bewahrung kirchlicher Baudenkm\u00e4ler in Deutschland (Stiftung KiBa). Der Turm des historischen Gotteshauses ist dringend sanierungsbed\u00fcrftig. Die von der Evangelischen Kirche in Deutschland (EKD) gegr\u00fcndete Stiftung f\u00f6rdert die anstehenden Restaurierungsarbeiten \u2013 eine Projektspende inklusive &#8211; mit 11.000 Euro.<\/p>\n<p>Vor etwa zwei Jahren fiel es auf: Die Wetterfahne am Kirchturm ragte schief in den Himmel. \u201eDie gesamte Holzkonstruktion unterhalb der Fahne war stark durchgerottet\u201c, sagt Pfarrerin Carmen Ehrlichmann. Nun ist der obere Bereich des Turms notd\u00fcrftig gesichert; im Laufe des Jahres werden Schiefer und Schalung am Kirchturm entfernt, die Holzkonstruktion muss repariert und erneuert werden. Rund 210.000 Euro sind daf\u00fcr veranschlagt. Um Spenden f\u00fcr die Sanierung der Remdaer Kirche wirbt die Gemeinde mit einem Flyer, aber auch mit vielen Aktionen, zum Beispiel am Tag des offenen Denkmals im September und beim Gemeindefest im Sommer.<\/p>\n<p>30 Meter ragt der Kirchturm von St. Simon und Juda stadtbildpr\u00e4gend in den Himmel von Remda. Als im Jahr 1744 ein Brand den Vorg\u00e4ngerbau des heutigen Gotteshauses zerst\u00f6rte, blieb er verschont. Das heutige Kirchenschiff, ein Saalbau aus Natursteinen, wurde westlich des Turms errichtet, dieser dabei um ein zus\u00e4tzliches verschiefertes Geschoss mit Schweifkuppel und Laterne erh\u00f6ht.<\/p>\n<p>Das Erdgeschoss des Turms wird von einem historischen Kreuzrippengew\u00f6lbe \u00fcberspannt, das vermutlich aus dem 15. Jahrhundert stammt. Eine Besonderheit der Kirche zeigt die Kanzelwand, die 1888 von dem im Ort lebenden Maler Edmund Herger gestaltet wurde. Im Mittelpunkt der Malerei steht eine Kreuzigungsszene, aber auch historisch prominente Pers\u00f6nlichkeiten wie etwa Johann Sebastian Bach, Georg Friedrich H\u00e4ndel, Martin Luther und Gustav Adolph von Schweden sind zu erkennen.<\/p>\n<p>Die Stiftung zur Bewahrung kirchlicher Baudenkm\u00e4ler in Deutschland (Stiftung KiBa) ist eine Stiftung der EKD und der evangelischen Landeskirchen. Seit 1999 hat sie Zusagen f\u00fcr Sanierungsvorhaben in H\u00f6he von rund 35,5 Millionen Euro geben k\u00f6nnen. F\u00fcr dieses Jahr hat die KiBa bislang F\u00f6rderzusagen von mehr als einer Million Euro vorgesehen. Rund 3.800 Mitglieder engagieren sich bundesweit im \u201eF\u00f6rderverein der Stiftung KiBa e. V.\u201c Weitere Informationen unter www.stiftung-kiba.de.<\/p>\n<p>Hannover, 1. Februar 2023<\/p>\n<p>Pressestelle der EKD<br \/>\u00a0<\/p>\n<\/div>\n","protected":false},"excerpt":{"rendered":"<p>01.02.2023 Pressemitteilung Eine neue Kopfbedeckung f\u00fcr den alten Turm Die Kirche St. Simon und Juda im th\u00fcringischen Remda ist die<\/p>\n","protected":false},"author":1,"featured_media":5332,"comment_status":"closed","ping_status":"closed","sticky":false,"template":"","format":"standard","meta":{"footnotes":""},"categories":[20],"tags":[],"_links":{"self":[{"href":"https:\/\/krankenhauspfarramt.de\/index.php\/wp-json\/wp\/v2\/posts\/5331"}],"collection":[{"href":"https:\/\/krankenhauspfarramt.de\/index.php\/wp-json\/wp\/v2\/posts"}],"about":[{"href":"https:\/\/krankenhauspfarramt.de\/index.php\/wp-json\/wp\/v2\/types\/post"}],"author":[{"embeddable":true,"href":"https:\/\/krankenhauspfarramt.de\/index.php\/wp-json\/wp\/v2\/users\/1"}],"replies":[{"embeddable":true,"href":"https:\/\/krankenhauspfarramt.de\/index.php\/wp-json\/wp\/v2\/comments?post=5331"}],"version-history":[{"count":1,"href":"https:\/\/krankenhauspfarramt.de\/index.php\/wp-json\/wp\/v2\/posts\/5331\/revisions"}],"predecessor-version":[{"id":5333,"href":"https:\/\/krankenhauspfarramt.de\/index.php\/wp-json\/wp\/v2\/posts\/5331\/revisions\/5333"}],"wp:featuredmedia":[{"embeddable":true,"href":"https:\/\/krankenhauspfarramt.de\/index.php\/wp-json\/wp\/v2\/media\/5332"}],"wp:attachment":[{"href":"https:\/\/krankenhauspfarramt.de\/index.php\/wp-json\/wp\/v2\/media?parent=5331"}],"wp:term":[{"taxonomy":"category","embeddable":true,"href":"https:\/\/krankenhauspfarramt.de\/index.php\/wp-json\/wp\/v2\/categories?post=5331"},{"taxonomy":"post_tag","embeddable":true,"href":"https:\/\/krankenhauspfarramt.de\/index.php\/wp-json\/wp\/v2\/tags?post=5331"}],"curies":[{"name":"wp","href":"https:\/\/api.w.org\/{rel}","templated":true}]}}