{"id":5343,"date":"2023-02-08T14:49:41","date_gmt":"2023-02-08T14:49:41","guid":{"rendered":"https:\/\/krankenhauspfarramt.de\/index.php\/2023\/02\/08\/oekumenisches-buendnis-startet-fastenaktion-fuer-das-klima-ekd\/"},"modified":"2023-02-08T14:49:43","modified_gmt":"2023-02-08T14:49:43","slug":"oekumenisches-buendnis-startet-fastenaktion-fuer-das-klima-ekd","status":"publish","type":"post","link":"https:\/\/krankenhauspfarramt.de\/index.php\/2023\/02\/08\/oekumenisches-buendnis-startet-fastenaktion-fuer-das-klima-ekd\/","title":{"rendered":"\u00d6kumenisches B\u00fcndnis startet Fastenaktion f\u00fcr das Klima \u2013 EKD"},"content":{"rendered":"<p> <br \/>\n<\/p>\n<div>\n<p>\u201eUnser Handeln oder Nichthandeln wird entscheidend sein f\u00fcr unsere Lebensbedingungen\u201c, sagte die Landesbisch\u00f6fin der Nordkirche, Kristina K\u00fchnbaum-Schmidt. Sie hat zusammen mit dem katholischen Weihbischof Rolf Lohmann aus dem Bistum M\u00fcnster, der innerhalb der Deutschen Bischofskonferenz f\u00fcr Umwelt- und Klimafragen verantwortlich ist, die Schirmherrschaft der Aktion \u00fcbernommen. \u201eWir befinden uns inmitten einer globalen Klimakrise, die menschengemacht ist und das Leben auf unserem Planeten gef\u00e4hrdet\u201c, erkl\u00e4rte K\u00fchnbaum-Schmidt als EKD-Beauftragte f\u00fcr Sch\u00f6pfungsverantwortung. Deshalb m\u00fcssten sich die Menschen die Frage stellen, was \u201eunser Denken, Entscheiden und Handeln leitet und was unser Beitrag sein kann, um die Folgen des Klimawandels zu mildern\u201c, so die Schweriner Bisch\u00f6fin.<\/p>\n<p>Die Aktion ist eine gemeinsame Initiative von 14 evangelischen Landes- und Freikirchen, neun (Erz-)Bist\u00fcmern und Di\u00f6zesanr\u00e4ten sowie den beiden Hilfswerken \u201eBrot f\u00fcr die Welt\u201c und Misereor.<\/p>\n<\/p><\/div>\n","protected":false},"excerpt":{"rendered":"<p>\u201eUnser Handeln oder Nichthandeln wird entscheidend sein f\u00fcr unsere Lebensbedingungen\u201c, sagte die Landesbisch\u00f6fin der Nordkirche, Kristina K\u00fchnbaum-Schmidt. Sie hat zusammen<\/p>\n","protected":false},"author":1,"featured_media":5344,"comment_status":"closed","ping_status":"closed","sticky":false,"template":"","format":"standard","meta":{"footnotes":""},"categories":[20],"tags":[],"_links":{"self":[{"href":"https:\/\/krankenhauspfarramt.de\/index.php\/wp-json\/wp\/v2\/posts\/5343"}],"collection":[{"href":"https:\/\/krankenhauspfarramt.de\/index.php\/wp-json\/wp\/v2\/posts"}],"about":[{"href":"https:\/\/krankenhauspfarramt.de\/index.php\/wp-json\/wp\/v2\/types\/post"}],"author":[{"embeddable":true,"href":"https:\/\/krankenhauspfarramt.de\/index.php\/wp-json\/wp\/v2\/users\/1"}],"replies":[{"embeddable":true,"href":"https:\/\/krankenhauspfarramt.de\/index.php\/wp-json\/wp\/v2\/comments?post=5343"}],"version-history":[{"count":1,"href":"https:\/\/krankenhauspfarramt.de\/index.php\/wp-json\/wp\/v2\/posts\/5343\/revisions"}],"predecessor-version":[{"id":5345,"href":"https:\/\/krankenhauspfarramt.de\/index.php\/wp-json\/wp\/v2\/posts\/5343\/revisions\/5345"}],"wp:featuredmedia":[{"embeddable":true,"href":"https:\/\/krankenhauspfarramt.de\/index.php\/wp-json\/wp\/v2\/media\/5344"}],"wp:attachment":[{"href":"https:\/\/krankenhauspfarramt.de\/index.php\/wp-json\/wp\/v2\/media?parent=5343"}],"wp:term":[{"taxonomy":"category","embeddable":true,"href":"https:\/\/krankenhauspfarramt.de\/index.php\/wp-json\/wp\/v2\/categories?post=5343"},{"taxonomy":"post_tag","embeddable":true,"href":"https:\/\/krankenhauspfarramt.de\/index.php\/wp-json\/wp\/v2\/tags?post=5343"}],"curies":[{"name":"wp","href":"https:\/\/api.w.org\/{rel}","templated":true}]}}