{"id":5346,"date":"2023-02-08T15:49:06","date_gmt":"2023-02-08T15:49:06","guid":{"rendered":"https:\/\/krankenhauspfarramt.de\/index.php\/2023\/02\/08\/02-02-2023-religionsunterricht-fuer-bildung-unabdingbar\/"},"modified":"2023-02-08T15:49:06","modified_gmt":"2023-02-08T15:49:06","slug":"02-02-2023-religionsunterricht-fuer-bildung-unabdingbar","status":"publish","type":"post","link":"https:\/\/krankenhauspfarramt.de\/index.php\/2023\/02\/08\/02-02-2023-religionsunterricht-fuer-bildung-unabdingbar\/","title":{"rendered":"02.02.2023 Religionsunterricht f\u00fcr Bildung unabdingbar"},"content":{"rendered":"<p><img decoding=\"async\" src=\"https:\/\/www.elk-wue.de\/\" \/><\/p>\n<div id=\"c40690\">\n<header>\n<h2 class=\"b_is-headline\">Religionsunterricht f\u00fcr Bildung unabdingbar<\/h2>\n<h3>Bildungsverantwortliche der Kirchen widersprechen Forderung des Landessch\u00fclerbeirats \u2013 Politische und religi\u00f6se Bildung konkurrieren nicht miteinander<\/h3>\n<\/header>\n<p>Stuttgart\/Karlsruhe\/Freiburg\/Rottenburg. Die vier Kirchen in Baden-W\u00fcrttemberg sprechen sich gegen eine K\u00fcrzung des Religionsunterrichts aus. Damit wenden sie sich gegen eine Forderung des 15. Landessch\u00fclerbeirats. Dieser hatte in seinem neuen Grundsatzprogramm ge\u00e4u\u00dfert, dass dem Religionsunterricht \u201emehr Signifikanz einger\u00e4umt w\u00fcrde als der politischen, moralischen und ethischen Bildung\u201c und dieser deshalb in seinem Stundenkontingent \u201ezu k\u00fcrzen\u201c sei. F\u00fcr die Bildungsverantwortlichen der evangelischen und katholischen Kirche, Ute Augustyniak-D\u00fcrr, Carmen Rivuzumwami, Susanne Orth und Wolfgang Schmidt, wird damit ein Gegensatz konstruiert, den es nicht gibt.<\/p>\n<p>Gerade die Bildungspl\u00e4ne f\u00fcr den Religionsunterricht s\u00e4hen neben den Fragen nach Gott explizit auch die Besch\u00e4ftigung mit moralischer und ethischer Bildung, Lebens- und Sinnfragen sowie den Themen Verantwortung, Frieden, Gerechtigkeit und Bewahrung der Sch\u00f6pfung vor. Diese Inhalte seien angesichts der Coronakrise, der Klimakrise und des Krieges, den Russland gegen die Ukraine f\u00fchrt, von h\u00f6chster Aktualit\u00e4t. Sie w\u00fcrden die Sch\u00fclerinnen und Sch\u00fcler auf das Leben vorbereiten und entsprechen damit einer weiteren Forderung des Landessch\u00fclerbeirats. Der Religionsunterricht, so die kirchlichen Bildungsverantwortlichen, biete die Chance zu reflektieren, was Menschen in ihrem Leben und dar\u00fcber hinaus Sinn und Hoffnung gibt und mit welchen Ressourcen sie auch schwierige Zeiten bestehen k\u00f6nnen.<\/p>\n<p>Der Religionsunterricht enthalte alle Leitperspektiven wie z.B. die Bildung f\u00fcr nachhaltige Entwicklung oder f\u00fcr Toleranz und Akzeptanz von Vielfalt, die f\u00e4cher\u00fcbergreifend behandelt werden sollen, und lasse sich inhaltlich daher gut vernetzen. Das gelte auch f\u00fcr die St\u00e4rkung der Demokratief\u00e4higkeit. Notwendig sei, die Themen aus mehreren Perspektiven zu erfassen und daher \u00fcber die einzelnen F\u00e4cher hinaus zu behandeln. \u201eEin Zusatzfach einzuf\u00fchren, statt sie in dieser Breite zu erschlie\u00dfen, schw\u00e4cht diese Bildungsthemen eher\u201c, so die Verantwortlichen in ihrer Stellungnahme. \u201eAllein durch die Vielfalt des Religionsunterrichts der verschiedenen Religionsgemeinschaften in ihrem Miteinander, wie auch in ihrer oft selbstverst\u00e4ndlichen Kooperation mit dem Ethikunterricht, wird die Entwicklung der eigenen religi\u00f6sen bzw. weltanschaulichen Identit\u00e4t der Sch\u00fclerinnen und Sch\u00fcler in Toleranz und Pluralit\u00e4tsf\u00e4higkeit gef\u00f6rdert.\u201c F\u00fcr den gesellschaftlichen Zusammenhalt seien diese F\u00e4higkeiten unerl\u00e4sslich.<\/p>\n<p>Der Landessch\u00fclerbeirat beklage, dass Sch\u00fclerinnen und Sch\u00fcler aufgrund ihrer Herkunft, Religion, Sexualit\u00e4t und weiterer Gr\u00fcnde benachteiligt w\u00fcrden. Gerade hier sei die religi\u00f6se Bildung notwendig, um aktiv gegen Diskriminierung vorzugehen, so die Bildungsverantwortlichen. \u201eBildung und Begegnung sind wesentliche Voraussetzungen f\u00fcr jede Verst\u00e4ndigung. Beides leistet die Schule.\u201c Bildung bedeute, sich die Welt erschlie\u00dfen zu k\u00f6nnen und d\u00fcrfe nicht auf Ausbildung, Pisa-Effizienz oder Alltagskompetenzerwerb reduziert werden. \u201eSie muss der Entfaltung des ganzen Menschen und seiner Pers\u00f6nlichkeitsentwicklung dienen. F\u00fcr ein weites Bild vom Menschen und f\u00fcr seine unver\u00e4u\u00dferliche W\u00fcrde steht auch und gerade der Religionsunterricht.\u201c<\/p>\n<p>Dan Peter<br \/>Sprecher der Landeskirche<\/p>\n<p><strong>Hinweis:\u00a0<\/strong>Die Pressemitteilung wird von den vier gro\u00dfen Kirchen in Baden-W\u00fcrttemberg zeitgleich versendet. Wir bitten Mehrfachsendungen zu entschuldigen.\u00a0<\/p>\n<\/div>\n","protected":false},"excerpt":{"rendered":"<p>Religionsunterricht f\u00fcr Bildung unabdingbar Bildungsverantwortliche der Kirchen widersprechen Forderung des Landessch\u00fclerbeirats \u2013 Politische und religi\u00f6se Bildung konkurrieren nicht miteinander Stuttgart\/Karlsruhe\/Freiburg\/Rottenburg.<\/p>\n","protected":false},"author":1,"featured_media":0,"comment_status":"closed","ping_status":"closed","sticky":false,"template":"","format":"standard","meta":{"footnotes":""},"categories":[21],"tags":[],"_links":{"self":[{"href":"https:\/\/krankenhauspfarramt.de\/index.php\/wp-json\/wp\/v2\/posts\/5346"}],"collection":[{"href":"https:\/\/krankenhauspfarramt.de\/index.php\/wp-json\/wp\/v2\/posts"}],"about":[{"href":"https:\/\/krankenhauspfarramt.de\/index.php\/wp-json\/wp\/v2\/types\/post"}],"author":[{"embeddable":true,"href":"https:\/\/krankenhauspfarramt.de\/index.php\/wp-json\/wp\/v2\/users\/1"}],"replies":[{"embeddable":true,"href":"https:\/\/krankenhauspfarramt.de\/index.php\/wp-json\/wp\/v2\/comments?post=5346"}],"version-history":[{"count":0,"href":"https:\/\/krankenhauspfarramt.de\/index.php\/wp-json\/wp\/v2\/posts\/5346\/revisions"}],"wp:attachment":[{"href":"https:\/\/krankenhauspfarramt.de\/index.php\/wp-json\/wp\/v2\/media?parent=5346"}],"wp:term":[{"taxonomy":"category","embeddable":true,"href":"https:\/\/krankenhauspfarramt.de\/index.php\/wp-json\/wp\/v2\/categories?post=5346"},{"taxonomy":"post_tag","embeddable":true,"href":"https:\/\/krankenhauspfarramt.de\/index.php\/wp-json\/wp\/v2\/tags?post=5346"}],"curies":[{"name":"wp","href":"https:\/\/api.w.org\/{rel}","templated":true}]}}