{"id":5358,"date":"2023-02-13T17:13:53","date_gmt":"2023-02-13T17:13:53","guid":{"rendered":"https:\/\/krankenhauspfarramt.de\/index.php\/2023\/02\/13\/sensible-seelsorge-und-klares-aufrichtendes-wort-ekd\/"},"modified":"2023-02-13T17:13:55","modified_gmt":"2023-02-13T17:13:55","slug":"sensible-seelsorge-und-klares-aufrichtendes-wort-ekd","status":"publish","type":"post","link":"https:\/\/krankenhauspfarramt.de\/index.php\/2023\/02\/13\/sensible-seelsorge-und-klares-aufrichtendes-wort-ekd\/","title":{"rendered":"\u201eSensible Seelsorge und klares, aufrichtendes Wort\u201c \u2013 EKD"},"content":{"rendered":"<p> <br \/>\n<\/p>\n<div id=\"\">\n<div class=\"article--meta article--meta__border clearfix\">\n<p>                                    <time datetime=\"13.02.2023 09:00\" class=\"article--time\">13.02.2023<\/time><\/p>\n<p>                                     <strong class=\"article--type primus--overline\">Pressemitteilung<\/strong><\/p>\n<picture class=\"article--source-image image\"><source srcset=\"https:\/\/www.ekd.de\/ekd_de\/ds_img\/assets\/20170622_ekd-Quellenlogo_141_rdax_423x118.png\"><!--<source srcset=\"\/ekd_de\/ds_img\/assets\/20170622_ekd-Quellenlogo_141_rdax_141x39.png 1x, \/ekd_de\/ds_img\/assets\/20170622_ekd-Quellenlogo_141_rdax_282x78.png 2x, https:\/\/www.ekd.de\/ekd_de\/ds_img\/assets\/20170622_ekd-Quellenlogo_141_rdax_423x118.png 3x\">--><\/p>\n<p>    <\/source><\/picture>\n<\/p><\/div>\n<h2 class=\"article--sub-headline primus--sub-headline\">Synodenpr\u00e4ses Heinrich und Bisch\u00f6fin Fehrs gratulieren der EKD-Ratsvorsitzenden Annette Kurschus zum 60. Geburtstag<\/h2>\n<\/p><\/div>\n<div id=\"\">\n<p>Zum 60. Geburtstag (14. Februar 2023) der Ratsvorsitzenden der Evangelischen Kirche in Deutschland (EKD), Annette Kurschus, haben die Pr\u00e4ses der EKD-Synode, Anna-Nicole Heinrich, und die stellvertretende Ratsvorsitzende Kirsten Fehrs die Gl\u00fcckw\u00fcnsche der Synode und des Rates der EKD \u00fcbermittelt und sich f\u00fcr die Zusammenarbeit bedankt.<\/p>\n<p>\u201eAnnette Kurschus ist eine Ratsvorsitzende, die die Hoffnungsbotschaft Jesu Christi gegen alle Krisen und Konflikte unserer Tage unverzagt hochh\u00e4lt. Die uns immer wieder inspiriert mit Worten des Glaubens daran, dass das, was wir erleben, nicht alles ist. Dass da noch etwas kommt. Dass wir auf das Leben zugehen, weil Gott uns nicht aufgibt\u201c, w\u00fcrdigt Pr\u00e4ses Anna-Nicole Heinrich. \u201eMit ihrer klaren und verst\u00e4ndlich theologischen Argumentation er\u00f6ffnet sie immer wieder neue Wege, die vielen Positionen unter dem einen Dach unserer Kirche miteinander ins Gespr\u00e4ch zu bringen und auch Zwischent\u00f6nen Raum zu geben. Ich freue mich auf die weitere Zusammenarbeit mit ihr\u201c, so Heinrich in den Gl\u00fcckw\u00fcnschen der Synode. \u201eF\u00fcr die Zukunft w\u00fcnsche ich Dir, dass Du getr\u00f6stet und gehalten bleibst und Dir einen langen Atem bewahrst f\u00fcr alles, was kommt. M\u00f6gen Freude, Zuversicht und Segen Dich begleiten.\u201c<\/p>\n<p>Die stellvertretende Ratsvorsitzende, Bisch\u00f6fin Kirsten Fehrs, hob in ihrer Gratulation die Feinf\u00fchligkeit und Sorgfalt hervor, mit der Annette Kurschus Menschen begegnet. Ebenso sch\u00e4tze sie \u201eihre Wortkraft, mit der sie auch in ersch\u00fctternden Situationen stets den richtigen \u2013 weil aufrichtenden \u2013 Ton trifft\u201c, so Fehrs. Ihr Fundament sei dabei eine tief gegr\u00fcndete Fr\u00f6mmigkeit, die sie auch f\u00fcr andere tr\u00f6stlich in Worte zu fassen vermag, so Fehrs \u00fcber die Ratsvorsitzende. \u201eIch gratuliere Dir von Herzen. Und ich gratuliere uns, dass wir Dich als Ratsvorsitzende in der EKD haben &#8211; als in jeder Hinsicht kluge Theologin, die die Vielstimmigkeit des Protestantismus nicht nur aufrichtig zu sch\u00e4tzen wei\u00df, sondern es auch versteht, sie zusammenzuhalten. Danke f\u00fcr all Deine Kraft und Deine &#8211; trotz all der vielen Arbeit &#8211; tiefe Liebe zu Deiner Kirche, danke f\u00fcr deine Achtsamkeit, f\u00fcr sensible Seelsorge und klares, aufrichtendes Wort.\u201c<\/p>\n<p>Annette Kurschus wurde 1963 in Rothenburg an der Fulda geboren.<\/p>\n<p>Im November 2011 wurde sie von der Westf\u00e4lischen Landessynode zur\u00a0Leitenden Geistlichen der Evangelischen Kirche von Westfalen (EKvW) gew\u00e4hlt, am 4. M\u00e4rz 2012 ins Amt der Pr\u00e4ses eingef\u00fchrt und 2019 im Amt best\u00e4tigt. Am 10. November\u00a02021 wurde sie von Synode und Kirchenkonferenz der EKD als Ratsvorsitzende der EKD gew\u00e4hlt.<\/p>\n<p>P\u00fcnktlich zum 60. Geburtstag kann man der Ratsvorsitzenden der EKD, Annette Kurschus, auch auf Instagram folgen und gratulieren unter @ekd_ratsvorsitzende.<\/p>\n<p>Hannover, 13. Februar 2023<\/p>\n<p>Pressestelle der EKD<br \/>Carsten Splitt<\/p>\n<\/div>\n","protected":false},"excerpt":{"rendered":"<p>13.02.2023 Pressemitteilung Synodenpr\u00e4ses Heinrich und Bisch\u00f6fin Fehrs gratulieren der EKD-Ratsvorsitzenden Annette Kurschus zum 60. Geburtstag Zum 60. Geburtstag (14. Februar<\/p>\n","protected":false},"author":1,"featured_media":4211,"comment_status":"closed","ping_status":"closed","sticky":false,"template":"","format":"standard","meta":{"footnotes":""},"categories":[20],"tags":[],"_links":{"self":[{"href":"https:\/\/krankenhauspfarramt.de\/index.php\/wp-json\/wp\/v2\/posts\/5358"}],"collection":[{"href":"https:\/\/krankenhauspfarramt.de\/index.php\/wp-json\/wp\/v2\/posts"}],"about":[{"href":"https:\/\/krankenhauspfarramt.de\/index.php\/wp-json\/wp\/v2\/types\/post"}],"author":[{"embeddable":true,"href":"https:\/\/krankenhauspfarramt.de\/index.php\/wp-json\/wp\/v2\/users\/1"}],"replies":[{"embeddable":true,"href":"https:\/\/krankenhauspfarramt.de\/index.php\/wp-json\/wp\/v2\/comments?post=5358"}],"version-history":[{"count":1,"href":"https:\/\/krankenhauspfarramt.de\/index.php\/wp-json\/wp\/v2\/posts\/5358\/revisions"}],"predecessor-version":[{"id":5359,"href":"https:\/\/krankenhauspfarramt.de\/index.php\/wp-json\/wp\/v2\/posts\/5358\/revisions\/5359"}],"wp:featuredmedia":[{"embeddable":true,"href":"https:\/\/krankenhauspfarramt.de\/index.php\/wp-json\/wp\/v2\/media\/4211"}],"wp:attachment":[{"href":"https:\/\/krankenhauspfarramt.de\/index.php\/wp-json\/wp\/v2\/media?parent=5358"}],"wp:term":[{"taxonomy":"category","embeddable":true,"href":"https:\/\/krankenhauspfarramt.de\/index.php\/wp-json\/wp\/v2\/categories?post=5358"},{"taxonomy":"post_tag","embeddable":true,"href":"https:\/\/krankenhauspfarramt.de\/index.php\/wp-json\/wp\/v2\/tags?post=5358"}],"curies":[{"name":"wp","href":"https:\/\/api.w.org\/{rel}","templated":true}]}}