{"id":5360,"date":"2023-02-14T10:51:28","date_gmt":"2023-02-14T10:51:28","guid":{"rendered":"https:\/\/krankenhauspfarramt.de\/index.php\/2023\/02\/14\/ekd-wuerdigt-ratsvorsitzende-annette-kurschus-als-kluge-theologin-ekd\/"},"modified":"2023-02-14T10:51:30","modified_gmt":"2023-02-14T10:51:30","slug":"ekd-wuerdigt-ratsvorsitzende-annette-kurschus-als-kluge-theologin-ekd","status":"publish","type":"post","link":"https:\/\/krankenhauspfarramt.de\/index.php\/2023\/02\/14\/ekd-wuerdigt-ratsvorsitzende-annette-kurschus-als-kluge-theologin-ekd\/","title":{"rendered":"EKD w\u00fcrdigt Ratsvorsitzende Annette Kurschus als kluge Theologin \u2013 EKD"},"content":{"rendered":"<p> <br \/>\n<\/p>\n<div>\n<p>Heinrich und die stellvertretende EKD-Ratsvorsitzende, die Hamburger Bisch\u00f6fin Kirsten Fehrs, \u00fcbermittelten die Gl\u00fcckw\u00fcnsche der Synode und des Rates der EKD. Die Theologin Kurschus ist seit November 2021 EKD-Ratsvorsitzende und damit oberste Repr\u00e4sentantin der rund 19,7 Millionen deutschen Protestanten. Seit 2012 steht sie bereits als Pr\u00e4ses an der Spitze der Evangelischen Kirche von Westfalen. Sie wurde am 14. Februar 1963 in Rotenburg an der Fulda geboren.<\/p>\n<p>Die stellvertretende EKD-Ratsvorsitzende Fehrs hob in ihrer Gratulation die Feinf\u00fchligkeit und Sorgfalt hervor, mit der Kurschus den Menschen begegne. Sie sch\u00e4tze \u201eihre Wortkraft, mit der sie auch in ersch\u00fctternden Situationen stets den richtigen &#8211; weil aufrichtenden &#8211; Ton trifft\u201c, erkl\u00e4rte Fehrs. Ihr Fundament sei dabei eine tief gegr\u00fcndete Fr\u00f6mmigkeit, die sie auch f\u00fcr andere tr\u00f6stlich in Worte zu fassen vermag.<\/p>\n<p>Fehrs w\u00fcrdigte Kurschus als \u201ein jeder Hinsicht kluge Theologin, die die Vielstimmigkeit des Protestantismus nicht nur aufrichtig zu sch\u00e4tzen wei\u00df, sondern es auch versteht, sie zusammenzuhalten.\u201c Sie zeichne eine tiefe Liebe zu ihrer Kirche aus, so Fehrs: \u201eDanke f\u00fcr deine Achtsamkeit, f\u00fcr sensible Seelsorge und klares, aufrichtendes Wort.\u201c<\/p>\n<\/p><\/div>\n","protected":false},"excerpt":{"rendered":"<p>Heinrich und die stellvertretende EKD-Ratsvorsitzende, die Hamburger Bisch\u00f6fin Kirsten Fehrs, \u00fcbermittelten die Gl\u00fcckw\u00fcnsche der Synode und des Rates der EKD.<\/p>\n","protected":false},"author":1,"featured_media":5361,"comment_status":"closed","ping_status":"closed","sticky":false,"template":"","format":"standard","meta":{"footnotes":""},"categories":[20],"tags":[],"_links":{"self":[{"href":"https:\/\/krankenhauspfarramt.de\/index.php\/wp-json\/wp\/v2\/posts\/5360"}],"collection":[{"href":"https:\/\/krankenhauspfarramt.de\/index.php\/wp-json\/wp\/v2\/posts"}],"about":[{"href":"https:\/\/krankenhauspfarramt.de\/index.php\/wp-json\/wp\/v2\/types\/post"}],"author":[{"embeddable":true,"href":"https:\/\/krankenhauspfarramt.de\/index.php\/wp-json\/wp\/v2\/users\/1"}],"replies":[{"embeddable":true,"href":"https:\/\/krankenhauspfarramt.de\/index.php\/wp-json\/wp\/v2\/comments?post=5360"}],"version-history":[{"count":1,"href":"https:\/\/krankenhauspfarramt.de\/index.php\/wp-json\/wp\/v2\/posts\/5360\/revisions"}],"predecessor-version":[{"id":5362,"href":"https:\/\/krankenhauspfarramt.de\/index.php\/wp-json\/wp\/v2\/posts\/5360\/revisions\/5362"}],"wp:featuredmedia":[{"embeddable":true,"href":"https:\/\/krankenhauspfarramt.de\/index.php\/wp-json\/wp\/v2\/media\/5361"}],"wp:attachment":[{"href":"https:\/\/krankenhauspfarramt.de\/index.php\/wp-json\/wp\/v2\/media?parent=5360"}],"wp:term":[{"taxonomy":"category","embeddable":true,"href":"https:\/\/krankenhauspfarramt.de\/index.php\/wp-json\/wp\/v2\/categories?post=5360"},{"taxonomy":"post_tag","embeddable":true,"href":"https:\/\/krankenhauspfarramt.de\/index.php\/wp-json\/wp\/v2\/tags?post=5360"}],"curies":[{"name":"wp","href":"https:\/\/api.w.org\/{rel}","templated":true}]}}