{"id":5394,"date":"2023-02-22T15:38:54","date_gmt":"2023-02-22T15:38:54","guid":{"rendered":"https:\/\/krankenhauspfarramt.de\/index.php\/2023\/02\/22\/einsatz-von-waffen-nur-fuer-ende-der-gewalt-ekd\/"},"modified":"2023-02-22T15:38:56","modified_gmt":"2023-02-22T15:38:56","slug":"einsatz-von-waffen-nur-fuer-ende-der-gewalt-ekd","status":"publish","type":"post","link":"https:\/\/krankenhauspfarramt.de\/index.php\/2023\/02\/22\/einsatz-von-waffen-nur-fuer-ende-der-gewalt-ekd\/","title":{"rendered":"Einsatz von Waffen nur f\u00fcr Ende der Gewalt \u2013 EKD"},"content":{"rendered":"<p> <br \/>\n<\/p>\n<div>\n<p style=\"margin-left:0cm; margin-right:0cm\">Hinter dem Einsatz von Waffen m\u00fcsse eine \u201eStrategie zu Verhandlungen\u201c stehen, erkl\u00e4rte die EKD-Ratsvorsitzende. Gespr\u00e4che d\u00fcrften nicht auf der Grundlage gef\u00fchrt werden, dass die territoriale Integrit\u00e4t des angegriffenen Staates infrage gestellt werde. Verhandlungen m\u00fcssten \u201eauf Augenh\u00f6he\u201c gef\u00fchrt werden.<\/p>\n<p style=\"margin-left:0cm; margin-right:0cm\">Kurschus betonte, Waffen und Verhandlungen schl\u00f6ssen einander nicht aus. Der Einsatz von Waffen sei notwendig, um die Menschen in der Ukraine zu sch\u00fctzen und Russland die Erwartung zu nehmen, es k\u00f6nnte die Ukraine erobern. Doch m\u00fcssten Verhandlungen \u00fcber einen Waffenstillstand das Ziel sein.<\/p>\n<p style=\"margin-left:0cm; margin-right:0cm\">Russen d\u00fcrfen dabei laut Kurschus nicht pauschal als Handlanger von Pr\u00e4sident Wladimir Putin betrachtet werden. Es gebe auch Stimmen in der russisch-orthodoxen Kirche, die den Krieg sehr kritisch s\u00e4hen. Das Moskauer Patriarchat und Patriarch Kyrill unterst\u00fctzten den Krieg jedoch und verbr\u00e4mten ihn religi\u00f6s. \u201eMan kann das geistlich-geistige Mitt\u00e4terschaft nennen\u201c, sagte die EKD-Ratsvorsitzende: \u201eWas ich f\u00fcr unertr\u00e4glich halte, ist die Ideologie, die Kyrill vertritt: Wir k\u00e4mpfen im Namen Gottes. Ich halte das f\u00fcr gottesl\u00e4sterlich.\u201c Sie pl\u00e4dierte gleichwohl f\u00fcr die Aufrechterhaltung der Kontakte zur orthodoxen Kirche in Russland.<\/p>\n<\/p><\/div>\n","protected":false},"excerpt":{"rendered":"<p>Hinter dem Einsatz von Waffen m\u00fcsse eine \u201eStrategie zu Verhandlungen\u201c stehen, erkl\u00e4rte die EKD-Ratsvorsitzende. Gespr\u00e4che d\u00fcrften nicht auf der Grundlage<\/p>\n","protected":false},"author":1,"featured_media":5395,"comment_status":"closed","ping_status":"closed","sticky":false,"template":"","format":"standard","meta":{"footnotes":""},"categories":[20],"tags":[],"_links":{"self":[{"href":"https:\/\/krankenhauspfarramt.de\/index.php\/wp-json\/wp\/v2\/posts\/5394"}],"collection":[{"href":"https:\/\/krankenhauspfarramt.de\/index.php\/wp-json\/wp\/v2\/posts"}],"about":[{"href":"https:\/\/krankenhauspfarramt.de\/index.php\/wp-json\/wp\/v2\/types\/post"}],"author":[{"embeddable":true,"href":"https:\/\/krankenhauspfarramt.de\/index.php\/wp-json\/wp\/v2\/users\/1"}],"replies":[{"embeddable":true,"href":"https:\/\/krankenhauspfarramt.de\/index.php\/wp-json\/wp\/v2\/comments?post=5394"}],"version-history":[{"count":1,"href":"https:\/\/krankenhauspfarramt.de\/index.php\/wp-json\/wp\/v2\/posts\/5394\/revisions"}],"predecessor-version":[{"id":5396,"href":"https:\/\/krankenhauspfarramt.de\/index.php\/wp-json\/wp\/v2\/posts\/5394\/revisions\/5396"}],"wp:featuredmedia":[{"embeddable":true,"href":"https:\/\/krankenhauspfarramt.de\/index.php\/wp-json\/wp\/v2\/media\/5395"}],"wp:attachment":[{"href":"https:\/\/krankenhauspfarramt.de\/index.php\/wp-json\/wp\/v2\/media?parent=5394"}],"wp:term":[{"taxonomy":"category","embeddable":true,"href":"https:\/\/krankenhauspfarramt.de\/index.php\/wp-json\/wp\/v2\/categories?post=5394"},{"taxonomy":"post_tag","embeddable":true,"href":"https:\/\/krankenhauspfarramt.de\/index.php\/wp-json\/wp\/v2\/tags?post=5394"}],"curies":[{"name":"wp","href":"https:\/\/api.w.org\/{rel}","templated":true}]}}