{"id":5397,"date":"2023-02-22T15:50:08","date_gmt":"2023-02-22T15:50:08","guid":{"rendered":"https:\/\/krankenhauspfarramt.de\/index.php\/2023\/02\/22\/17-02-2023-hoffnung-buchstabieren-und-dem-schrecken-entgegentreten\/"},"modified":"2023-02-22T15:50:08","modified_gmt":"2023-02-22T15:50:08","slug":"17-02-2023-hoffnung-buchstabieren-und-dem-schrecken-entgegentreten","status":"publish","type":"post","link":"https:\/\/krankenhauspfarramt.de\/index.php\/2023\/02\/22\/17-02-2023-hoffnung-buchstabieren-und-dem-schrecken-entgegentreten\/","title":{"rendered":"17.02.2023 \u201eHoffnung buchstabieren und dem Schrecken entgegentreten\u201c"},"content":{"rendered":"<p><img decoding=\"async\" src=\"https:\/\/www.elk-wue.de\/\" \/><\/p>\n<div id=\"c41464\">\n<header>\n<h2 class=\"b_is-headline\">\u201eHoffnung buchstabieren und dem Schrecken entgegentreten\u201c<\/h2>\n<h3>Das P\u00e4dagogisch-Theologische Zentrum der w\u00fcrttembergischen Landeskirche bringt friedensp\u00e4dagogische Materialsammlung f\u00fcr alle Schularten heraus<\/h3>\n<\/header>\n<p>Stuttgart. Zum Jahrestag des kriegerischen Angriffs Russlands auf die Ukraine hat das P\u00e4dagogisch-Theologische Zentrum der w\u00fcrttembergischen Landeskirche eine 80-seitige, kostenlose Handreichung mit dem Titel <em>Zur Hoffnung anstiften \u2013 Religionsp\u00e4dagogische Impulse auf der Suche nach Frieden<\/em> ver\u00f6ffentlicht. Darin sind Materialien, Reflexionen und Anregungen f\u00fcr die friedensp\u00e4dagogische Arbeit in den verschiedensten Schulformen versammelt. Die Bildungsdezernentin der Landeskirche, Oberkirchenr\u00e4tin Carmen Rivuzumwami, schreibt im Vorwort des Buchs: \u201eWas die Menschen in unserem Land, in unseren Gemeinden, die Sch\u00fclerinnen und Sch\u00fcler, aber auch die in der Politik Verantwortlichen derzeit nicht zu sehen verm\u00f6gen, ist ein Ende des Kriegs in der Ukraine. In dieser Situation sind Christinnen und Christen aufgerufen, sich an den Grund ihrer Hoffnung zu erinnern.\u201c<\/p>\n<p>Das Heft verschr\u00e4nke Theorie und Praxis miteinander, schreibt Rivuzumwami und f\u00e4hrt fort: \u201eDie Praxisbeitr\u00e4ge wollen ihrerseits dazu anstiften, f\u00fcndig und t\u00e4tig zu werden, Hoffnung zu buchstabieren, dem Schrecken entgegenzutreten, im Gespr\u00e4ch zu bleiben und Mut zu machen, auf den verhei\u00dfenen Frieden zu hoffen, auch wenn man ihn noch nicht sieht.\u201c<\/p>\n<p>Die Autorinnen und Autoren:<\/p>\n<ul>\n<li><strong>Dr. Sabine Benz<\/strong> ist Dozentin f\u00fcr Grundschule im P\u00e4dagogisch-Theologischen Zentrum in Stuttgart.<\/li>\n<li><strong>Klara Butting<\/strong> leitet das Zentrum f\u00fcr biblisch-politische Bildung an der Woltersburger M\u00fchle, Uelzen.<\/li>\n<li><strong>Hannah Geiger<\/strong> ist Dozentin f\u00fcr berufliche Schulen im P\u00e4dagogisch-Theologischen Zentrum in Stuttgart.<\/li>\n<li><strong>Stefan Hermann<\/strong> ist Direktor des P\u00e4dagogisch-Theologischen Zentrum in Stuttgart.<\/li>\n<li><strong>Frauke Liebenehm<\/strong> ist Dozentin f\u00fcr Friedens- und Demokratiebildung im P\u00e4dagogisch-Theologischen Zentrum in Stuttgart.<\/li>\n<li><strong>Margit Metzger<\/strong> ist Dozentin f\u00fcr Medienp\u00e4dagogik im P\u00e4dagogisch-Theologischen Zentrum in Stuttgart.<\/li>\n<li><strong>Katharina C. Sch\u00e4fer<\/strong> ist Dozentin f\u00fcr die Sekundarstufe II im P\u00e4dagogisch-Theologischen Zentrum in Stuttgart.<\/li>\n<li><strong>Dr. Simon-M. Sch\u00e4fer<\/strong> ist Dozent f\u00fcr die Sekundarstufe II im P\u00e4dagogisch-Theologischen Zentrum in Stuttgart.<\/li>\n<li><strong>Dr. Wolfhard Schweiker<\/strong> ist Dozent f\u00fcr sonderp\u00e4dagogische Bildungs- und Beratungszentren im P\u00e4dagogisch-Theologischen Zentrum in Stuttgart und Privatdozent an der Evangelisch-Theologischen Fakult\u00e4t der Universit\u00e4t T\u00fcbingen.<\/li>\n<li><strong>Gerhard Ziener<\/strong> ist Dozent f\u00fcr die Sekundarstufe I im P\u00e4dagogisch-Theologischen Zentrum in Stuttgart.<\/li>\n<li><strong>Gunther Wruck <\/strong>ist Vorsitzender der EAK (Ev. Arbeitsgemeinschaft f\u00fcr Kriegsdienstverweigerung und Frieden) W\u00fcrttemberg.<\/li>\n<\/ul>\n<p>Das Heft kann unter folgender Adresse heruntergeladen werden:<br \/>https:\/\/www.ptz-rpi.de\/fileadmin\/user_upload\/ptz\/Das_insitut\/publikationen\/web_2023_Frieden.pdf<\/p>\n<p>In gedruckter Form ist es zum Schutzpreis von 5 Euro zu beziehen \u00fcber:<\/p>\n<p>ptz Stuttgart<br \/>z.H. Frau Wolfram<br \/>Gr\u00fcninger Str. 25<br \/>70599 Stuttgart<br \/>silke.wolfram (at) elk-wue.de<\/p>\n<p>Dan Peter<br \/>Sprecher der Landeskirche\u00a0<\/p>\n<p><strong>Hinweis<\/strong>: Ein Foto von Carmen Rivuzumwami finden Sie im Pressebereich unserer Homepage www.elk-wue.de.<\/p>\n<\/div>\n","protected":false},"excerpt":{"rendered":"<p>\u201eHoffnung buchstabieren und dem Schrecken entgegentreten\u201c Das P\u00e4dagogisch-Theologische Zentrum der w\u00fcrttembergischen Landeskirche bringt friedensp\u00e4dagogische Materialsammlung f\u00fcr alle Schularten heraus Stuttgart.<\/p>\n","protected":false},"author":1,"featured_media":0,"comment_status":"closed","ping_status":"closed","sticky":false,"template":"","format":"standard","meta":{"footnotes":""},"categories":[21],"tags":[],"_links":{"self":[{"href":"https:\/\/krankenhauspfarramt.de\/index.php\/wp-json\/wp\/v2\/posts\/5397"}],"collection":[{"href":"https:\/\/krankenhauspfarramt.de\/index.php\/wp-json\/wp\/v2\/posts"}],"about":[{"href":"https:\/\/krankenhauspfarramt.de\/index.php\/wp-json\/wp\/v2\/types\/post"}],"author":[{"embeddable":true,"href":"https:\/\/krankenhauspfarramt.de\/index.php\/wp-json\/wp\/v2\/users\/1"}],"replies":[{"embeddable":true,"href":"https:\/\/krankenhauspfarramt.de\/index.php\/wp-json\/wp\/v2\/comments?post=5397"}],"version-history":[{"count":0,"href":"https:\/\/krankenhauspfarramt.de\/index.php\/wp-json\/wp\/v2\/posts\/5397\/revisions"}],"wp:attachment":[{"href":"https:\/\/krankenhauspfarramt.de\/index.php\/wp-json\/wp\/v2\/media?parent=5397"}],"wp:term":[{"taxonomy":"category","embeddable":true,"href":"https:\/\/krankenhauspfarramt.de\/index.php\/wp-json\/wp\/v2\/categories?post=5397"},{"taxonomy":"post_tag","embeddable":true,"href":"https:\/\/krankenhauspfarramt.de\/index.php\/wp-json\/wp\/v2\/tags?post=5397"}],"curies":[{"name":"wp","href":"https:\/\/api.w.org\/{rel}","templated":true}]}}