{"id":5421,"date":"2023-03-06T13:25:35","date_gmt":"2023-03-06T13:25:35","guid":{"rendered":"https:\/\/krankenhauspfarramt.de\/index.php\/2023\/03\/06\/originelle-aufnahmen-von-kirchen-gesucht-ekd\/"},"modified":"2023-03-06T13:25:39","modified_gmt":"2023-03-06T13:25:39","slug":"originelle-aufnahmen-von-kirchen-gesucht-ekd","status":"publish","type":"post","link":"https:\/\/krankenhauspfarramt.de\/index.php\/2023\/03\/06\/originelle-aufnahmen-von-kirchen-gesucht-ekd\/","title":{"rendered":"Originelle Aufnahmen von Kirchen gesucht \u2013 EKD"},"content":{"rendered":"<p> <br \/>\n<\/p>\n<div id=\"\">\n<div class=\"article--meta article--meta__border clearfix\">\n<p>                                    <time datetime=\"06.03.2023 10:00\" class=\"article--time\">06.03.2023<\/time><\/p>\n<p>                                     <strong class=\"article--type primus--overline\">Pressemitteilung<\/strong><\/p>\n<picture class=\"article--source-image image\"><source srcset=\"https:\/\/www.ekd.de\/ekd_de\/ds_img\/assets\/20170622_ekd-Quellenlogo_141_rdax_423x118.png\"><!--<source srcset=\"\/ekd_de\/ds_img\/assets\/20170622_ekd-Quellenlogo_141_rdax_141x39.png 1x, \/ekd_de\/ds_img\/assets\/20170622_ekd-Quellenlogo_141_rdax_282x78.png 2x, https:\/\/www.ekd.de\/ekd_de\/ds_img\/assets\/20170622_ekd-Quellenlogo_141_rdax_423x118.png 3x\">--><\/p>\n<p>    <\/source><\/picture>\n<\/p><\/div>\n<h2 class=\"article--sub-headline primus--sub-headline\">Fotowettbewerb von KiBa und KD-Bank geht in die neue Runde<\/h2>\n<\/p><\/div>\n<div id=\"\">\n<p class=\"EKDFlietext\">In diesem Jahr loben die Stiftung zur Bewahrung kirchlicher Baudenkm\u00e4ler in Deutschland (Stiftung KiBa) und die Bank f\u00fcr Kirche und Diakonie (KD-Bank) erneut einen Fotowettbewerb aus. Sie fordern Hobbyfotografierende und Profis auf, ihre besten Aufnahmen rund um das Thema Kirchengeb\u00e4ude einzusenden. Der Wettbewerb l\u00e4uft bis zum 30. Mai 2023.<\/p>\n<p class=\"EKDFlietext\">Eine Jury wird die drei sch\u00f6nsten Fotos ausw\u00e4hlen und sie mit Preisgeldern zwischen 100 und 300 Euro w\u00fcrdigen. \u201eOb die Fotografien eine Kirche von innen oder au\u00dfen zeigen, von fern oder nah; ob sie ein Detail des Altars oder der Fassade einfangen \u2013 der Fantasie sind keine Grenzen gesetzt\u201c, sagt KiBa-Gesch\u00e4ftsf\u00fchrerin Catarina Hasenclever. \u201eKreativit\u00e4t und \u00c4sthetik k\u00f6nnen sich auf vielf\u00e4ltigste Weise ausdr\u00fccken. Wir sind sehr gespannt auf die diesj\u00e4hrigen Einsendungen.\u201c<\/p>\n<p class=\"EKDFlietext\">Wer teilnimmt, kann bis zu f\u00fcnf Bilder an das B\u00fcro der von der Evangelischen Kirche in Deutschland (EKD) gegr\u00fcndeten Stiftung KiBa schicken. Aus zw\u00f6lf der besten Aufnahmen wird au\u00dferdem ein Fotokalender f\u00fcr das Jahr 2024 entstehen. Die Bedingungen zur Teilnahme gibt es unter www.stiftung-kiba.de\/fotowettbewerb\/.<\/p>\n<p><em>Die Stiftung zur Bewahrung kirchlicher Baudenkm\u00e4ler in Deutschland (Stiftung KiBa) ist eine Stiftung der EKD und der evangelischen Landeskirchen. Seit 1999 hat sie Zusagen f\u00fcr Sanierungsvorhaben in H\u00f6he von rund 35,5 Millionen Euro geben k\u00f6nnen. F\u00fcr dieses Jahr hat die KiBa bislang F\u00f6rderzusagen von mehr als einer Million Euro vorgesehen. Rund 3.800 Mitglieder engagieren sich bundesweit im \u201eF\u00f6rderverein der Stiftung KiBa e. V.\u201c Weitere Informationen unter <\/em><em>www.stiftung-kiba.de<\/em><\/p>\n<p class=\"EKDAdressdaten\">Hannover, 6. M\u00e4rz 2023<\/p>\n<p class=\"EKDAdressdaten\">Pressestelle der EKD<\/p>\n<\/div>\n","protected":false},"excerpt":{"rendered":"<p>06.03.2023 Pressemitteilung Fotowettbewerb von KiBa und KD-Bank geht in die neue Runde In diesem Jahr loben die Stiftung zur Bewahrung<\/p>\n","protected":false},"author":1,"featured_media":5422,"comment_status":"closed","ping_status":"closed","sticky":false,"template":"","format":"standard","meta":{"footnotes":""},"categories":[20],"tags":[],"_links":{"self":[{"href":"https:\/\/krankenhauspfarramt.de\/index.php\/wp-json\/wp\/v2\/posts\/5421"}],"collection":[{"href":"https:\/\/krankenhauspfarramt.de\/index.php\/wp-json\/wp\/v2\/posts"}],"about":[{"href":"https:\/\/krankenhauspfarramt.de\/index.php\/wp-json\/wp\/v2\/types\/post"}],"author":[{"embeddable":true,"href":"https:\/\/krankenhauspfarramt.de\/index.php\/wp-json\/wp\/v2\/users\/1"}],"replies":[{"embeddable":true,"href":"https:\/\/krankenhauspfarramt.de\/index.php\/wp-json\/wp\/v2\/comments?post=5421"}],"version-history":[{"count":1,"href":"https:\/\/krankenhauspfarramt.de\/index.php\/wp-json\/wp\/v2\/posts\/5421\/revisions"}],"predecessor-version":[{"id":5423,"href":"https:\/\/krankenhauspfarramt.de\/index.php\/wp-json\/wp\/v2\/posts\/5421\/revisions\/5423"}],"wp:featuredmedia":[{"embeddable":true,"href":"https:\/\/krankenhauspfarramt.de\/index.php\/wp-json\/wp\/v2\/media\/5422"}],"wp:attachment":[{"href":"https:\/\/krankenhauspfarramt.de\/index.php\/wp-json\/wp\/v2\/media?parent=5421"}],"wp:term":[{"taxonomy":"category","embeddable":true,"href":"https:\/\/krankenhauspfarramt.de\/index.php\/wp-json\/wp\/v2\/categories?post=5421"},{"taxonomy":"post_tag","embeddable":true,"href":"https:\/\/krankenhauspfarramt.de\/index.php\/wp-json\/wp\/v2\/tags?post=5421"}],"curies":[{"name":"wp","href":"https:\/\/api.w.org\/{rel}","templated":true}]}}