{"id":5424,"date":"2023-03-06T18:31:04","date_gmt":"2023-03-06T18:31:04","guid":{"rendered":"https:\/\/krankenhauspfarramt.de\/index.php\/2023\/03\/06\/kreative-fotos-von-kirchen-gesucht-ekd\/"},"modified":"2023-03-06T18:31:06","modified_gmt":"2023-03-06T18:31:06","slug":"kreative-fotos-von-kirchen-gesucht-ekd","status":"publish","type":"post","link":"https:\/\/krankenhauspfarramt.de\/index.php\/2023\/03\/06\/kreative-fotos-von-kirchen-gesucht-ekd\/","title":{"rendered":"Kreative Fotos von Kirchen gesucht \u2013 EKD"},"content":{"rendered":"<p> <br \/>\n<\/p>\n<div>\n<p>Eine Jury werde die drei sch\u00f6nsten Fotos ausw\u00e4hlen und sie mit Preisgeldern zwischen 100 und 300 Euro w\u00fcrdigen, sagte die Gesch\u00e4ftsf\u00fchrerin der Stiftung, Catharina Hasenclever. Ob die Fotografien eine Kirche von innen oder au\u00dfen zeigten, Panoramen oder Nahaufnahmen des Altars oder der Fassade, der Fantasie seien keine Grenzen gesetzt. Teilnehmende k\u00f6nnen den Angaben zufolge bis zu f\u00fcnf Bilder an die Stiftung schicken. Aus zw\u00f6lf der besten Aufnahmen solle au\u00dferdem ein Fotokalender f\u00fcr das Jahr 2024 entstehen.<\/p>\n<p>Die Stiftung zur Bewahrung kirchlicher Baudenkm\u00e4ler in Deutschland ist eine Stiftung der EKD und der evangelischen Landeskirchen. Seit 1999 hat sie laut eigenen Angaben Sanierungsvorhaben mit rund 35,5 Millionen Euro unterst\u00fctzt. In diesem Jahr sollen mehr als eine Million Euro ausgesch\u00fcttet werden.<\/p>\n<\/p><\/div>\n","protected":false},"excerpt":{"rendered":"<p>Eine Jury werde die drei sch\u00f6nsten Fotos ausw\u00e4hlen und sie mit Preisgeldern zwischen 100 und 300 Euro w\u00fcrdigen, sagte die<\/p>\n","protected":false},"author":1,"featured_media":5425,"comment_status":"closed","ping_status":"closed","sticky":false,"template":"","format":"standard","meta":{"footnotes":""},"categories":[20],"tags":[],"_links":{"self":[{"href":"https:\/\/krankenhauspfarramt.de\/index.php\/wp-json\/wp\/v2\/posts\/5424"}],"collection":[{"href":"https:\/\/krankenhauspfarramt.de\/index.php\/wp-json\/wp\/v2\/posts"}],"about":[{"href":"https:\/\/krankenhauspfarramt.de\/index.php\/wp-json\/wp\/v2\/types\/post"}],"author":[{"embeddable":true,"href":"https:\/\/krankenhauspfarramt.de\/index.php\/wp-json\/wp\/v2\/users\/1"}],"replies":[{"embeddable":true,"href":"https:\/\/krankenhauspfarramt.de\/index.php\/wp-json\/wp\/v2\/comments?post=5424"}],"version-history":[{"count":1,"href":"https:\/\/krankenhauspfarramt.de\/index.php\/wp-json\/wp\/v2\/posts\/5424\/revisions"}],"predecessor-version":[{"id":5426,"href":"https:\/\/krankenhauspfarramt.de\/index.php\/wp-json\/wp\/v2\/posts\/5424\/revisions\/5426"}],"wp:featuredmedia":[{"embeddable":true,"href":"https:\/\/krankenhauspfarramt.de\/index.php\/wp-json\/wp\/v2\/media\/5425"}],"wp:attachment":[{"href":"https:\/\/krankenhauspfarramt.de\/index.php\/wp-json\/wp\/v2\/media?parent=5424"}],"wp:term":[{"taxonomy":"category","embeddable":true,"href":"https:\/\/krankenhauspfarramt.de\/index.php\/wp-json\/wp\/v2\/categories?post=5424"},{"taxonomy":"post_tag","embeddable":true,"href":"https:\/\/krankenhauspfarramt.de\/index.php\/wp-json\/wp\/v2\/tags?post=5424"}],"curies":[{"name":"wp","href":"https:\/\/api.w.org\/{rel}","templated":true}]}}