{"id":5435,"date":"2023-03-08T15:51:21","date_gmt":"2023-03-08T15:51:21","guid":{"rendered":"https:\/\/krankenhauspfarramt.de\/index.php\/2023\/03\/08\/06-03-2023-vesperkirchen-sollten-stilbildend-fuer-das-zusammenleben-in-unseren-staedten-und-kommunen-werden\/"},"modified":"2023-03-08T15:51:21","modified_gmt":"2023-03-08T15:51:21","slug":"06-03-2023-vesperkirchen-sollten-stilbildend-fuer-das-zusammenleben-in-unseren-staedten-und-kommunen-werden","status":"publish","type":"post","link":"https:\/\/krankenhauspfarramt.de\/index.php\/2023\/03\/08\/06-03-2023-vesperkirchen-sollten-stilbildend-fuer-das-zusammenleben-in-unseren-staedten-und-kommunen-werden\/","title":{"rendered":"06.03.2023 \u201eVesperkirchen sollten stilbildend f\u00fcr das Zusammenleben in unseren St\u00e4dten und Kommunen werden\u201c"},"content":{"rendered":"<p><img decoding=\"async\" src=\"https:\/\/www.elk-wue.de\/\" \/><\/p>\n<div id=\"c41779\">\n<header>\n<h2 class=\"b_is-headline\">\u201eVesperkirchen sollten stilbildend f\u00fcr das Zusammenleben in unseren St\u00e4dten und Kommunen werden\u201c<\/h2>\n<h3>Landesbischof Gohl weist auf die gesellschaftliche Bedeutung der Vesperkirchen hin<\/h3>\n<\/header>\n<p>Ludwigsburg\/Stuttgart. Landesbischof Ernst-Wilhelm Gohl hat in seiner Predigt zum Abschluss der 14. Ludwigsburger Vesperkirche auf die gesellschaftliche Bedeutung der Vesperkirchen hingewiesen. Die Kirche sei dabei in Ludwigsburg \u201ezum zentralen Raum f\u00fcr die Beratungsangebote der Stadt, der Caritas und der Diakonie geworden.\u201c Die Vesperkirchen k\u00f6nnten dar\u00fcber hinaus \u201estilbildend werden f\u00fcr das Zusammenleben in unseren St\u00e4dten und Kommunen.\u201c Landesbischof Gohl predigte am 5. M\u00e4rz in der Ludwigsburger Friedenskirche \u00fcber die Erlebnisse der alttestamentlichen Magd Hagar, die in Not und Einsamkeit in einer Oase Gottes Zuwendung erf\u00e4hrt. (Genesis 16)<\/p>\n<p>Gohl kn\u00fcpfte in seiner Predigt an das Oasen-Bild aus dem Bibeltext an. Die Vesperkirche in der Friedenskirche sei \u201eeine Brunnenoase f\u00fcr Gefl\u00fcchtete aus der Ukraine\u201c geworden, nachdem dort ein Migrationszentrum eingerichtet worden sei. \u201eWir brauchen ganz notwendig solche Orte, solche Oasen der Menschlichkeit, an denen wir miteinander Kraft und Hoffnung sch\u00f6pfen k\u00f6nnen\u201c, so Gohl. In der Vesperkirche sei ein Miteinander zu erleben, das von gegenseitigem Respekt und Ansehen gepr\u00e4gt sei. \u201eUnsere Vesperkirchen sollten stilbildend werden f\u00fcr das Zusammenleben in unseren St\u00e4dten und Kommunen,\u201c so Gohl weiter.<\/p>\n<p>Ausgehend vom Ludwigsburger Beispiel betonte Gohl zudem die integrative Funktion der Vesperkirchen: \u201eDie Kirche wurde zum zentralen Raum f\u00fcr die Beratungsangebote \u2013 der Stadt, der Caritas und der Diakonie.\u201c So habe die Vesperkirche gezeigt, \u201ewas entstehen kann, wenn wir Kirche in \u00f6kumenischer und kommunaler Zusammenarbeit als Adresse der Hoffnung profilieren.\u201c<\/p>\n<p>Weiter hob Gohl insbesondere auf das Miteinander von Mitarbeitenden und G\u00e4sten der Vesperkirche ab: \u201eWo wir uns gemeinsam im Geist des Miteinanders engagieren, da w\u00e4chst Gemeinschaft. Und wo unsere Gemeinschaft im Miteinander w\u00e4chst, da entsteht auch die Kraft, andere in die Gemeinschaft aufzunehmen.\u201c Einzelne Gefl\u00fcchtete h\u00e4tten sich durch die Aufnahme in der Friedenskirche so gest\u00e4rkt gef\u00fchlt, dass sie gleich mitgeschafft h\u00e4tten und Teil des Teams geworden seien.<\/p>\n<p>Landesbischof Gohl betonte zudem die geistliche Bedeutung der Vesperkirchen: \u201eWo wir einander auf Augenh\u00f6he begegnen, mit freundlicher Aufmerksamkeit einander wahrnehmen und zuh\u00f6ren, da k\u00f6nnen wir einander zu Boten Gottes werden, zu Boten von Gottes Liebe und Menschenfreundlichkeit.\u201c<\/p>\n<p>Dan Peter<br \/>Sprecher der Landeskirche\u00a0<\/p>\n<p>\u00a0<\/p>\n<p><strong>Hinweis<\/strong>:\u00a0Fotos von Landesbischof Gohl finden Sie im Pressebereich unserer Website www.elk-wue.de. Mehr Informationen \u00fcber die Vesperkirchen in Baden-W\u00fcrttemberg finden Sie hier.<\/p>\n<\/div>\n","protected":false},"excerpt":{"rendered":"<p>\u201eVesperkirchen sollten stilbildend f\u00fcr das Zusammenleben in unseren St\u00e4dten und Kommunen werden\u201c Landesbischof Gohl weist auf die gesellschaftliche Bedeutung der<\/p>\n","protected":false},"author":1,"featured_media":0,"comment_status":"closed","ping_status":"closed","sticky":false,"template":"","format":"standard","meta":{"footnotes":""},"categories":[21],"tags":[],"_links":{"self":[{"href":"https:\/\/krankenhauspfarramt.de\/index.php\/wp-json\/wp\/v2\/posts\/5435"}],"collection":[{"href":"https:\/\/krankenhauspfarramt.de\/index.php\/wp-json\/wp\/v2\/posts"}],"about":[{"href":"https:\/\/krankenhauspfarramt.de\/index.php\/wp-json\/wp\/v2\/types\/post"}],"author":[{"embeddable":true,"href":"https:\/\/krankenhauspfarramt.de\/index.php\/wp-json\/wp\/v2\/users\/1"}],"replies":[{"embeddable":true,"href":"https:\/\/krankenhauspfarramt.de\/index.php\/wp-json\/wp\/v2\/comments?post=5435"}],"version-history":[{"count":0,"href":"https:\/\/krankenhauspfarramt.de\/index.php\/wp-json\/wp\/v2\/posts\/5435\/revisions"}],"wp:attachment":[{"href":"https:\/\/krankenhauspfarramt.de\/index.php\/wp-json\/wp\/v2\/media?parent=5435"}],"wp:term":[{"taxonomy":"category","embeddable":true,"href":"https:\/\/krankenhauspfarramt.de\/index.php\/wp-json\/wp\/v2\/categories?post=5435"},{"taxonomy":"post_tag","embeddable":true,"href":"https:\/\/krankenhauspfarramt.de\/index.php\/wp-json\/wp\/v2\/tags?post=5435"}],"curies":[{"name":"wp","href":"https:\/\/api.w.org\/{rel}","templated":true}]}}