{"id":5436,"date":"2023-03-13T18:20:12","date_gmt":"2023-03-13T18:20:12","guid":{"rendered":"https:\/\/krankenhauspfarramt.de\/index.php\/2023\/03\/13\/bischoefin-fehrs-haelt-fuerbitte-fuer-opfer-des-amoklaufs-von-hamburg-ekd\/"},"modified":"2023-03-13T18:20:14","modified_gmt":"2023-03-13T18:20:14","slug":"bischoefin-fehrs-haelt-fuerbitte-fuer-opfer-des-amoklaufs-von-hamburg-ekd","status":"publish","type":"post","link":"https:\/\/krankenhauspfarramt.de\/index.php\/2023\/03\/13\/bischoefin-fehrs-haelt-fuerbitte-fuer-opfer-des-amoklaufs-von-hamburg-ekd\/","title":{"rendered":"Bisch\u00f6fin Fehrs h\u00e4lt F\u00fcrbitte f\u00fcr Opfer des Amoklaufs von Hamburg \u2013 EKD"},"content":{"rendered":"<p> <br \/>\n<\/p>\n<div>\n<p>L\u00fcbeck (epd). Die evangelische Bisch\u00f6fin Kirsten Fehrs hat am Sonntagvormittag w\u00e4hrend des Gottesdienstes im L\u00fcbecker Dom F\u00fcrbitte f\u00fcr die Opfer des Amoklaufs in einem Hamburger Gemeindehaus der Zeugen Jehovas gehalten. \u201eTief ersch\u00fcttert stehen wir vor den Ereignissen am vergangenen Donnerstag in Hamburg. Trauer und Schmerz, Klage und Entsetzen &#8211; all das bewegt uns zutiefst\u201c, sagte die Bisch\u00f6fin im Sprengel Hamburg und L\u00fcbeck.<\/p>\n<\/p><\/div>\n<div id=\"\">\n<p>\u201eVoller Mitgef\u00fchl denken wir an all jene, die in der Tatnacht ihre Lieben verloren haben\u201c, sagte Fehrs. Neben den Opfern schloss sie auch deren Angeh\u00f6rige und Freunde in ihr Gebet ein sowie jene, die durch die Gewalttat an Leib und Seele verletzt wurden. Fehrs sprach von einem \u201elebenszerst\u00f6renden Hass\u201c, der sich am Donnerstagabend Bahn gebrochen habe.<\/p>\n<p>Ebenfalls in ihre F\u00fcrbitte schloss die Bisch\u00f6fin jene Menschen ein, die nach dem Anschlag geholfen und getr\u00f6stet haben: Polizei und Feuerwehr, Kriseninterventionsteams und Notfallseelsorger. \u201eSie haben Leid geteilt und Lasten getragen. Hilf ihnen auszuhalten, was sie erlebt haben, schenke auch ihnen den Trost, den sie in diesen Zeiten brauchen\u201c, sagte Fehrs.<\/p>\n<p>Am vergangenen Donnerstagabend hatte ein Mann in einem Gebetshaus der Zeugen Jehovas im Stadtteil Gro\u00df Borstel auf Mitglieder der Glaubensgemeinschaft geschossen. Dabei starben acht Menschen, darunter auch der mutma\u00dfliche T\u00e4ter, der ein ehemaliges Mitglied dieser Glaubensgemeinschaft gewesen sein soll.<br \/>\u00a0<\/p>\n<\/div>\n","protected":false},"excerpt":{"rendered":"<p>L\u00fcbeck (epd). Die evangelische Bisch\u00f6fin Kirsten Fehrs hat am Sonntagvormittag w\u00e4hrend des Gottesdienstes im L\u00fcbecker Dom F\u00fcrbitte f\u00fcr die Opfer<\/p>\n","protected":false},"author":1,"featured_media":3133,"comment_status":"closed","ping_status":"closed","sticky":false,"template":"","format":"standard","meta":{"footnotes":""},"categories":[20],"tags":[],"_links":{"self":[{"href":"https:\/\/krankenhauspfarramt.de\/index.php\/wp-json\/wp\/v2\/posts\/5436"}],"collection":[{"href":"https:\/\/krankenhauspfarramt.de\/index.php\/wp-json\/wp\/v2\/posts"}],"about":[{"href":"https:\/\/krankenhauspfarramt.de\/index.php\/wp-json\/wp\/v2\/types\/post"}],"author":[{"embeddable":true,"href":"https:\/\/krankenhauspfarramt.de\/index.php\/wp-json\/wp\/v2\/users\/1"}],"replies":[{"embeddable":true,"href":"https:\/\/krankenhauspfarramt.de\/index.php\/wp-json\/wp\/v2\/comments?post=5436"}],"version-history":[{"count":1,"href":"https:\/\/krankenhauspfarramt.de\/index.php\/wp-json\/wp\/v2\/posts\/5436\/revisions"}],"predecessor-version":[{"id":5437,"href":"https:\/\/krankenhauspfarramt.de\/index.php\/wp-json\/wp\/v2\/posts\/5436\/revisions\/5437"}],"wp:featuredmedia":[{"embeddable":true,"href":"https:\/\/krankenhauspfarramt.de\/index.php\/wp-json\/wp\/v2\/media\/3133"}],"wp:attachment":[{"href":"https:\/\/krankenhauspfarramt.de\/index.php\/wp-json\/wp\/v2\/media?parent=5436"}],"wp:term":[{"taxonomy":"category","embeddable":true,"href":"https:\/\/krankenhauspfarramt.de\/index.php\/wp-json\/wp\/v2\/categories?post=5436"},{"taxonomy":"post_tag","embeddable":true,"href":"https:\/\/krankenhauspfarramt.de\/index.php\/wp-json\/wp\/v2\/tags?post=5436"}],"curies":[{"name":"wp","href":"https:\/\/api.w.org\/{rel}","templated":true}]}}