{"id":5443,"date":"2023-03-15T11:17:37","date_gmt":"2023-03-15T11:17:37","guid":{"rendered":"https:\/\/krankenhauspfarramt.de\/index.php\/2023\/03\/15\/kinder-haben-ein-recht-auf-religioese-bildung-ekd\/"},"modified":"2023-03-15T11:17:39","modified_gmt":"2023-03-15T11:17:39","slug":"kinder-haben-ein-recht-auf-religioese-bildung-ekd","status":"publish","type":"post","link":"https:\/\/krankenhauspfarramt.de\/index.php\/2023\/03\/15\/kinder-haben-ein-recht-auf-religioese-bildung-ekd\/","title":{"rendered":"Kinder haben ein Recht auf religi\u00f6se Bildung \u2013 EKD"},"content":{"rendered":"<p> <br \/>\n<\/p>\n<div id=\"\">\n<p class=\"Pa3\">An den Grundschulen nehmen \u00fcber alle Bundesl\u00e4nder hinweg fast drei Viertel aller Sch\u00fcler*innen am evangelischen oder katholischen Religionsunterricht teil \u2013 insgesamt \u00fcber 1,8 Mio. Darunter sind viele, die keiner Konfession oder einer anderen Religion angeh\u00f6ren. Als Teil des Bildungs- und Erziehungsauftrags der Grundschule erm\u00f6glicht dieser Religionsunterricht den Kindern, mit allen ihren Fragen und Herk\u00fcnften in eine dialogische Begegnung mit Hoffnungsperspektiven sowie christlichen und demokratischen Werten zu kommen. Diese Gedanken stehen im Mittelpunkt des heute erschienenen Orientierungsrahmens unter dem Titel \u201eReligi\u00f6se Bildung und Evangelischer Religionsunterricht in der Grundschule\u201c der Evangelischen Kirche in Deutschland (EKD). Der Text geht von den Lebenswelten der Kinder aus. Er zeigt die Grundlagen eines zeitgem\u00e4\u00dfen Religionsunterrichts auf, benennt die dabei bestehenden schulischen Herausforderungen und gibt Anhaltspunkte daf\u00fcr, wie Dialog- und Toleranzf\u00e4higkeit mit religi\u00f6sem Lernen gef\u00f6rdert werden k\u00f6nnen.<\/p>\n<p class=\"Pa3\">\u201eReligi\u00f6se Bildung verbindet Schule und Lebenswelt der Kinder. Sie stellt soziale Umgangsformen, menschliche Beziehungen und die Welt der Erwachsenen in den Zusammenhang religi\u00f6sen Lebens\u201c, stellt die Vorsitzende des Rates der EKD, Pr\u00e4ses Annette Kurschus, im Vorwort des Textes fest. Religi\u00f6se Bildung trage dazu bei, dass Kinder sich in der pluralen Vielfalt m\u00f6glicher Lebensentw\u00fcrfe zurechtfinden, und helfe ihnen, eigene Standpunkte und Werthaltungen zu gewinnen. Dabei verweist Kurschus auf die Bedeutung des Religionsunterrichts: \u201eDer Religionsunterricht nimmt Kinder als Subjekte des Lernens ernst. Existentielle Fragen haben Raum: nach dem Leben selbst, nach Lebenssinn, nach Verantwortung und nach Beziehungen.\u201c Kinder h\u00e4tten ein eigenes religi\u00f6ses Interesse. Darum sei es wichtig, dass die Interessen und die Rechte der Kinder auch in diesem Bereich geachtet werden und Religion in das Lernen und Leben der Grundschule auch \u00fcber den Fachunterricht hinaus einbezogen wird.<\/p>\n<p>Der von einer \u00fcbergreifenden Fachgruppe erarbeitete Orientierungsrahmen \u201eReligi\u00f6se Bildung und Evangelischer Religionsunterricht in der Grundschule\u201c ist unter www.ekd.de\/ru-grundschule abrufbar sowie als Brosch\u00fcre zu einem Preis von 2,30 \u20ac \u00fcber versand@ekd.de zu beziehen; Einzelexemplare sind dort kostenlos erh\u00e4ltlich.<\/p>\n<p class=\"EKDFlietext\" style=\"margin-bottom:0cm; margin-left:0cm; margin-right:7.05pt; margin-top:0cm\">Hannover, 15. M\u00e4rz 2023<\/p>\n<p class=\"EKDFlietext\" style=\"margin-bottom:0cm; margin-left:0cm; margin-right:7.05pt; margin-top:0cm\">\u00a0<\/p>\n<p class=\"EKDFlietext\" style=\"margin-bottom:0cm; margin-left:0cm; margin-right:7.05pt; margin-top:0cm\">Pressestelle der EKD<\/p>\n<\/div>\n","protected":false},"excerpt":{"rendered":"<p>An den Grundschulen nehmen \u00fcber alle Bundesl\u00e4nder hinweg fast drei Viertel aller Sch\u00fcler*innen am evangelischen oder katholischen Religionsunterricht teil \u2013<\/p>\n","protected":false},"author":1,"featured_media":5444,"comment_status":"closed","ping_status":"closed","sticky":false,"template":"","format":"standard","meta":{"footnotes":""},"categories":[20],"tags":[],"_links":{"self":[{"href":"https:\/\/krankenhauspfarramt.de\/index.php\/wp-json\/wp\/v2\/posts\/5443"}],"collection":[{"href":"https:\/\/krankenhauspfarramt.de\/index.php\/wp-json\/wp\/v2\/posts"}],"about":[{"href":"https:\/\/krankenhauspfarramt.de\/index.php\/wp-json\/wp\/v2\/types\/post"}],"author":[{"embeddable":true,"href":"https:\/\/krankenhauspfarramt.de\/index.php\/wp-json\/wp\/v2\/users\/1"}],"replies":[{"embeddable":true,"href":"https:\/\/krankenhauspfarramt.de\/index.php\/wp-json\/wp\/v2\/comments?post=5443"}],"version-history":[{"count":1,"href":"https:\/\/krankenhauspfarramt.de\/index.php\/wp-json\/wp\/v2\/posts\/5443\/revisions"}],"predecessor-version":[{"id":5445,"href":"https:\/\/krankenhauspfarramt.de\/index.php\/wp-json\/wp\/v2\/posts\/5443\/revisions\/5445"}],"wp:featuredmedia":[{"embeddable":true,"href":"https:\/\/krankenhauspfarramt.de\/index.php\/wp-json\/wp\/v2\/media\/5444"}],"wp:attachment":[{"href":"https:\/\/krankenhauspfarramt.de\/index.php\/wp-json\/wp\/v2\/media?parent=5443"}],"wp:term":[{"taxonomy":"category","embeddable":true,"href":"https:\/\/krankenhauspfarramt.de\/index.php\/wp-json\/wp\/v2\/categories?post=5443"},{"taxonomy":"post_tag","embeddable":true,"href":"https:\/\/krankenhauspfarramt.de\/index.php\/wp-json\/wp\/v2\/tags?post=5443"}],"curies":[{"name":"wp","href":"https:\/\/api.w.org\/{rel}","templated":true}]}}