{"id":5469,"date":"2023-03-21T18:21:45","date_gmt":"2023-03-21T18:21:45","guid":{"rendered":"https:\/\/krankenhauspfarramt.de\/index.php\/2023\/03\/21\/arbeitsgemeinschaft-christlicher-kirchen-feiert-jubilaeum-ekd\/"},"modified":"2023-03-21T18:21:47","modified_gmt":"2023-03-21T18:21:47","slug":"arbeitsgemeinschaft-christlicher-kirchen-feiert-jubilaeum-ekd","status":"publish","type":"post","link":"https:\/\/krankenhauspfarramt.de\/index.php\/2023\/03\/21\/arbeitsgemeinschaft-christlicher-kirchen-feiert-jubilaeum-ekd\/","title":{"rendered":"Arbeitsgemeinschaft Christlicher Kirchen feiert Jubil\u00e4um \u2013 EKD"},"content":{"rendered":"<p> <br \/>\n<\/p>\n<div id=\"\">\n<p>Berlin, Frankfurt a.M. (epd). Die Arbeitsgemeinschaft Christlicher Kirchen in Deutschland e.V. (ACK) besteht seit nunmehr 75 Jahren. Am 10. M\u00e4rz 1948 hatten zun\u00e4chst sechs Kirchen in Deutschland die ACK mit Sitz in Frankfurt am Main gegr\u00fcndet. Heute hat die ACK 17 Mitgliedskirchen und acht Gastmitglieder. F\u00fcnf \u00f6kumenische Organisationen haben Beobachterstatus. Am Dienstag feierte die Arbeitsgemeinschaft ihr 75-j\u00e4hriges Bestehen mit einem Festgottesdienst im Magdeburger Dom.\u00a0 Die ACK ist nach eigener Darstellung das einzige Gremium, in dem fast alle Kirchen in Deutschland auf unterschiedlichen Ebenen zusammenarbeiten.<\/p>\n<p>Vorgesehen waren zum Auftakt der Fr\u00fchjahrsversammlung ein Festgottesdienst im Magdeburger Dom sowie ein Festvortrag \u00fcber die Geschichte und Zukunft der \u00d6kumene durch den brasilianisch-deutschen Theologieprofessor und Mennoniten Fernando Enns. Anschlie\u00dfend gab es einen Empfang im historischen Kreuzgang des Doms.<\/p>\n<p>Zu den Mitgliedern z\u00e4hlen neben den beiden gro\u00dfen Kirchen in Deutschland unter anderem die Heilsarmee, die Evangelisch-methodistische Kirche und der Bund Evangelisch-Freikirchlicher Gemeinden in Deutschland (Baptisten). Zur Arbeitsgemeinschaft geh\u00f6ren aber auch etwa die Armenisch-Apostolische Orthodoxe Kirche in Deutschland und die \u00c4thiopisch-Orthodoxe Kirche in Deutschland.<\/p>\n<p>Die ACK will auch der Tatsache Rechnung tragen, dass das Christentum durch Migration und andere Faktoren heute in Deutschland nicht mehr nur durch katholische und evangelische Kirche repr\u00e4sentiert wird. Seit 2019 ist mit Erzpriester Radu Constantin Miron ein orthodoxer Christ ihr Vorsitzender.<\/p>\n<\/div>\n<div id=\"\">\n<p>    \t    <!-- SRC:  --><\/p>\n<aside class=\"article--aside quintus teaser teaser__related rs_skip rs_preserve\">\n<div class=\"teaser--article teaser--content\">\n<figure class=\"teaser--image\">\n                                    <picture><source media=\"(max-width:935px)\" srcset=\"https:\/\/www.ekd.de\/ekd_de\/ds_img\/assets_1875_x\/220514_epd_Norbert_Neetz_Weltkarte_Herzen_1875x1056_rdax_625x352_60.jpg 1x, https:\/\/www.ekd.de\/ekd_de\/ds_img\/assets_1875_x\/220514_epd_Norbert_Neetz_Weltkarte_Herzen_1875x1056_rdax_1250x704_60.jpg 2x, https:\/\/www.ekd.de\/ekd_de\/ds_img\/assets_1875_x\/220514_epd_Norbert_Neetz_Weltkarte_Herzen_1875x1056_rdax_60.jpg 3x\"><source media=\"(min-width:934px)\" srcset=\"https:\/\/www.ekd.de\/ekd_de\/ds_img\/assets_1875_x\/220514_epd_Norbert_Neetz_Weltkarte_Herzen_1875x1056_rdax_360x203_70.jpg 1x, https:\/\/www.ekd.de\/ekd_de\/ds_img\/assets_1875_x\/220514_epd_Norbert_Neetz_Weltkarte_Herzen_1875x1056_rdax_720x406_70.jpg 2x, https:\/\/www.ekd.de\/ekd_de\/ds_img\/assets_1875_x\/220514_epd_Norbert_Neetz_Weltkarte_Herzen_1875x1056_rdax_1080x608_70.jpg 3x\"><\/source><\/source><\/picture><figcaption\/>\n                                <\/figure>\n<p class=\"quintus--text teaser--text\">\u00d6kumene findet auf verschiedenen Ebenen statt: auf internationaler Ebene \u00fcber die Gemeinden bis zur Zusammenarbeit von Christinnen und Christen verschiedener Konfessionen, die sich gemeinsam in konkreten Projekten engagieren und ihren Glauben gemeinsam leben.<\/p>\n<\/p><\/div>\n<\/aside>\n<div class=\"article--content\">\n<p>Grundlage der Zusammenarbeit ist eine gemeinsame Satzung. Organe der ACK sind die in der Regel zweimal j\u00e4hrliche tagende Mitgliederversammlung und der Vorstand. Sie treffen grundlegende Entscheidungen \u00fcber die inhaltliche Arbeit sowie \u00fcber Finanz- und Strukturfragen. Um einzelne Themen zu vertiefen, kann die Mitgliederversammlung Aussch\u00fcsse einsetzen. Die ACK wird durch Beitr\u00e4ge ihrer Mitgliedskirchen finanziert.<\/p>\n<p>Die ACK ist die nationale Entsprechung des \u00d6kumenischen Rates der Kirchen (\u00d6RK). Seit 2019 ist mit Erzpriester Radu Constantin Miron ein orthodoxer Christ ihr Vorsitzender.<\/p>\n<p>Nach der politischen Teilung Deutschlands hatte sich 1970 auch eine \u201eArbeitsgemeinschaft Christlicher Kirchen in der DDR\u201c (AGCK) gegr\u00fcndet. Nach der Wiedervereinigung der beiden deutschen Staaten schlossen sich die beiden Arbeitsgemeinschaften im Februar 1992 bei einer gemeinsamen Tagung in Berlin zusammen und konstituierten die ACK neu.<\/p>\n<\/p><\/div>\n<\/div>\n<div id=\"\">\n<div class=\"article--downloads download\">\n<figure class=\"image image__float\" style=\"z-index: 4; position: relative;\">\n            <picture><source srcset=\"https:\/\/www.ekd.de\/ekd_de\/ds_img\/assets_789_x\/20230321_logo-ACK_75_2835x1596_rdax_263x148_60.jpg 1x, https:\/\/www.ekd.de\/ekd_de\/ds_img\/assets_789_x\/20230321_logo-ACK_75_2835x1596_rdax_526x296_60.jpg 2x, https:\/\/www.ekd.de\/ekd_de\/ds_img\/assets_789_x\/20230321_logo-ACK_75_2835x1596_rdax_60.jpg 3x\"><img decoding=\"async\" src=\"https:\/\/www.ekd.de\/ekd_de\/ds_img\/assets_789_x\/20230321_logo-ACK_75_2835x1596_rdax_263x148_60.jpg\" alt=\"Logo 75 Jahre ACK\" title=\"Logo 75 Jahre ACK\"\/><br \/>\n            <\/source><\/picture>\n<\/figure>\n<p><h3 class=\"primus--sub-headline\">Arbeitsgemeinschaft Christlicher Kirchen in Deutschland (ACK)<\/h3>\n<\/p><\/div>\n<\/div>\n","protected":false},"excerpt":{"rendered":"<p>Berlin, Frankfurt a.M. (epd). Die Arbeitsgemeinschaft Christlicher Kirchen in Deutschland e.V. (ACK) besteht seit nunmehr 75 Jahren. Am 10. M\u00e4rz<\/p>\n","protected":false},"author":1,"featured_media":5470,"comment_status":"closed","ping_status":"closed","sticky":false,"template":"","format":"standard","meta":{"footnotes":""},"categories":[20],"tags":[],"_links":{"self":[{"href":"https:\/\/krankenhauspfarramt.de\/index.php\/wp-json\/wp\/v2\/posts\/5469"}],"collection":[{"href":"https:\/\/krankenhauspfarramt.de\/index.php\/wp-json\/wp\/v2\/posts"}],"about":[{"href":"https:\/\/krankenhauspfarramt.de\/index.php\/wp-json\/wp\/v2\/types\/post"}],"author":[{"embeddable":true,"href":"https:\/\/krankenhauspfarramt.de\/index.php\/wp-json\/wp\/v2\/users\/1"}],"replies":[{"embeddable":true,"href":"https:\/\/krankenhauspfarramt.de\/index.php\/wp-json\/wp\/v2\/comments?post=5469"}],"version-history":[{"count":1,"href":"https:\/\/krankenhauspfarramt.de\/index.php\/wp-json\/wp\/v2\/posts\/5469\/revisions"}],"predecessor-version":[{"id":5471,"href":"https:\/\/krankenhauspfarramt.de\/index.php\/wp-json\/wp\/v2\/posts\/5469\/revisions\/5471"}],"wp:featuredmedia":[{"embeddable":true,"href":"https:\/\/krankenhauspfarramt.de\/index.php\/wp-json\/wp\/v2\/media\/5470"}],"wp:attachment":[{"href":"https:\/\/krankenhauspfarramt.de\/index.php\/wp-json\/wp\/v2\/media?parent=5469"}],"wp:term":[{"taxonomy":"category","embeddable":true,"href":"https:\/\/krankenhauspfarramt.de\/index.php\/wp-json\/wp\/v2\/categories?post=5469"},{"taxonomy":"post_tag","embeddable":true,"href":"https:\/\/krankenhauspfarramt.de\/index.php\/wp-json\/wp\/v2\/tags?post=5469"}],"curies":[{"name":"wp","href":"https:\/\/api.w.org\/{rel}","templated":true}]}}