{"id":547,"date":"2020-03-24T15:47:12","date_gmt":"2020-03-24T15:47:12","guid":{"rendered":"https:\/\/krankenhauspfarramt.de\/index.php\/2020\/03\/24\/corona-europaeischer-kirchenbund-schliesst-sich-papst-aufruf-an\/"},"modified":"2020-03-24T15:54:30","modified_gmt":"2020-03-24T15:54:30","slug":"corona-europaeischer-kirchenbund-schliesst-sich-papst-aufruf-an","status":"publish","type":"post","link":"https:\/\/krankenhauspfarramt.de\/index.php\/2020\/03\/24\/corona-europaeischer-kirchenbund-schliesst-sich-papst-aufruf-an\/","title":{"rendered":"Corona: Europ\u00e4ischer Kirchenbund schlie\u00dft sich Papst-Aufruf an"},"content":{"rendered":"<p>&nbsp;<\/p>\n<div>\n<p>Br\u00fcssel (epd). Die Konferenz Europ\u00e4ischer Kirchen (KEK) hat sich dem Aufruf von Papst Franziskus angeschlossen, am Mittwochmittag weltweit das Vaterunser zu beten. &#8222;Das Gebet, das Christus uns gelehrt hat, hat schon immer das Christentum \u00fcber Raum und Zeit hinweg vereint&#8220;, hei\u00dft es in einem am Dienstag ver\u00f6ffentlichten Schreiben der \u00f6kumenischen Organisation aus Br\u00fcssel.<\/p>\n<p>Der Papst hatte den Vorschlag am Sonntag gemacht. Er rief beim Angelusgebet alle Christen zu einem sogenannten Sturmgebet gegen das Corona-Virus auf, wie die offizielle Internetseite &#8222;Vatikan News&#8220; meldete. Am Mittwoch um 12 Uhr mitteleurop\u00e4ischer Zeit sollten sie einen Moment innehalten und ein Vaterunser beten.<\/p>\n<p>&#8222;Die Welt von heute ruft uns auf, vereint zu sein&#8220;, schrieben nun KEK-Pr\u00e4sident Christian Krieger und KEK-Generalsekret\u00e4r Jorgen Skov Sorensen. &#8222;Nicht nur, um gegen diese verheerende Pandemie zu k\u00e4mpfen, sondern auch, um sich gegenseitig zu unterst\u00fctzen und sich in Gemeinschaft zu f\u00fchlen, indem wir daran denken, die Lehren aus dieser Krise zu ziehen.&#8220;<\/p>\n<p>Die KEK vereint \u00fcber 100 protestantische, orthodoxe, anglikanische und altkatholische Kirchen in ganz Europa, darunter auch die Evangelische Kirche in Deutschland (EKD). Von den gro\u00dfen Konfessionsfamilien sind nur die Katholiken nicht Mitglied.<\/p>\n<\/div>\n","protected":false},"excerpt":{"rendered":"<p>&nbsp; Br\u00fcssel (epd). Die Konferenz Europ\u00e4ischer Kirchen (KEK) hat sich dem Aufruf von Papst Franziskus angeschlossen, am Mittwochmittag weltweit das<\/p>\n","protected":false},"author":1,"featured_media":0,"comment_status":"closed","ping_status":"closed","sticky":false,"template":"","format":"standard","meta":{"footnotes":""},"categories":[21],"tags":[],"_links":{"self":[{"href":"https:\/\/krankenhauspfarramt.de\/index.php\/wp-json\/wp\/v2\/posts\/547"}],"collection":[{"href":"https:\/\/krankenhauspfarramt.de\/index.php\/wp-json\/wp\/v2\/posts"}],"about":[{"href":"https:\/\/krankenhauspfarramt.de\/index.php\/wp-json\/wp\/v2\/types\/post"}],"author":[{"embeddable":true,"href":"https:\/\/krankenhauspfarramt.de\/index.php\/wp-json\/wp\/v2\/users\/1"}],"replies":[{"embeddable":true,"href":"https:\/\/krankenhauspfarramt.de\/index.php\/wp-json\/wp\/v2\/comments?post=547"}],"version-history":[{"count":2,"href":"https:\/\/krankenhauspfarramt.de\/index.php\/wp-json\/wp\/v2\/posts\/547\/revisions"}],"predecessor-version":[{"id":560,"href":"https:\/\/krankenhauspfarramt.de\/index.php\/wp-json\/wp\/v2\/posts\/547\/revisions\/560"}],"wp:attachment":[{"href":"https:\/\/krankenhauspfarramt.de\/index.php\/wp-json\/wp\/v2\/media?parent=547"}],"wp:term":[{"taxonomy":"category","embeddable":true,"href":"https:\/\/krankenhauspfarramt.de\/index.php\/wp-json\/wp\/v2\/categories?post=547"},{"taxonomy":"post_tag","embeddable":true,"href":"https:\/\/krankenhauspfarramt.de\/index.php\/wp-json\/wp\/v2\/tags?post=547"}],"curies":[{"name":"wp","href":"https:\/\/api.w.org\/{rel}","templated":true}]}}