{"id":5472,"date":"2023-03-22T14:31:58","date_gmt":"2023-03-22T14:31:58","guid":{"rendered":"https:\/\/krankenhauspfarramt.de\/index.php\/2023\/03\/22\/grusswort-zum-fastenmonat-ramadan-2023-ekd\/"},"modified":"2023-03-22T14:31:58","modified_gmt":"2023-03-22T14:31:58","slug":"grusswort-zum-fastenmonat-ramadan-2023-ekd","status":"publish","type":"post","link":"https:\/\/krankenhauspfarramt.de\/index.php\/2023\/03\/22\/grusswort-zum-fastenmonat-ramadan-2023-ekd\/","title":{"rendered":"Gru\u00dfwort zum Fastenmonat Ramadan 2023 \u2013 EKD"},"content":{"rendered":"<p> <br \/>\n<\/p>\n<div id=\"\">\n<p>Liebe muslimische Schwestern und Br\u00fcder,<br \/>sehr geehrte Damen und Herren,<\/p>\n<p>vor wenigen Wochen hat ein Erdbeben im S\u00fcdosten der T\u00fcrkei und in Nordsyrien ein kaum zu\u00a0erahnendes Ausma\u00df an Zerst\u00f6rung \u00fcber diese Region gebracht. Tausende von Menschen\u00a0haben durch eingest\u00fcrzte H\u00e4user ihr Leben verloren. Hinzu kamen in derselben\u00a0Region verheerende \u00dcberschwemmungen. Unvorstellbares Leid m\u00fcssen die Menschen\u00a0ertragen. Der Schmerz und die Trauer sitzen tief und pr\u00e4gen die besondere Zeit des\u00a0Fastenmonats in diesem Jahr. Unter normalen Umst\u00e4nden erinnert der Verzicht im\u00a0Ramadan auch daran, dass vielen Menschen das Lebensnotwendige fehlt. Manchmal\u00a0verlieren wir das Leid unserer N\u00e4chsten aus dem Blick, doch in diesem Jahr schreit die Not\u00a0zum Himmel. Sie ist nicht zu \u00fcberh\u00f6ren und zu \u00fcbersehen.<\/p>\n<p>Als glaubende Menschen bringen wir unsere Trauer und unseren Schmerz vor Gott. Das tun\u00a0wir sicher in sehr unterschiedlicher Weise. F\u00fcr uns Christen und Christinnen steht \u00fcber dem\u00a0Jahr 2023 die Jahreslosung \u201eDu bist ein Gott, der mich sieht.\u201c\u00a0 Dieser Satz steht in 1. Mose16,13 und stammt aus einer dramatischen Geschichte. Hagar spricht diese Worte aus. Sie ist\u00a0in einer v\u00f6llig ausweglosen Lage: schwanger, allein, heimatlos und ohne Perspektive.\u00a0In dieser Situation w\u00e4chst in ihr die Erkenntnis, dass\u00a0 Gott sie in ihrer Verlassenheit sieht.\u00a0Diese Erfahrung gibt ihr Mut f\u00fcr die n\u00e4chsten Schritte. Ich hoffe und bete, dass die von\u00a0Leid betroffenen Menschen im Erdbebengebiet tr\u00f6stende Erfahrungen machen und sie\u00a0wieder Zuversicht und Hoffnung aus ihren Quellen des Glaubens sch\u00f6pfen k\u00f6nnen, aber\u00a0auch aus der gro\u00dfen Hilfsbereitschaft \u00fcber alle Grenzen hinweg.<\/p>\n<p>In diesem Jahr ist es wieder m\u00f6glich, dass Sie sich in den Familien, mit Freunden, in den\u00a0Moschee-Gemeinden zum Fastenbrechen treffen k\u00f6nnen. M\u00f6gen die Begegnungen\u00a0zur gegenseitigen St\u00e4rkung und Solidarit\u00e4t beitragen. Im Namen des Rates der<br \/>Evangelischen Kirche in Deutschland darf ich Ihnen zum Ramadan die herzlichen Gr\u00fc\u00dfe\u00a0\u00fcberbringen. Ich w\u00fcnsche Ihnen, Ihren Familien und Gemeinden die Zuwendung des\u00a0barmherzigen Gottes und am Ende des Ramadans ein sch\u00f6nes Fest des Fastenbrechens.<\/p>\n<p>Mit freundlichem Gru\u00df<\/p>\n<p><em>Pr\u00e4ses Dr. Annette Kurschus<\/em><br \/>Vorsitzende des Rates der Evangelischen Kirche in Deutschland<\/p>\n<\/div>\n","protected":false},"excerpt":{"rendered":"<p>Liebe muslimische Schwestern und Br\u00fcder,sehr geehrte Damen und Herren, vor wenigen Wochen hat ein Erdbeben im S\u00fcdosten der T\u00fcrkei und<\/p>\n","protected":false},"author":1,"featured_media":0,"comment_status":"closed","ping_status":"closed","sticky":false,"template":"","format":"standard","meta":{"footnotes":""},"categories":[20],"tags":[],"_links":{"self":[{"href":"https:\/\/krankenhauspfarramt.de\/index.php\/wp-json\/wp\/v2\/posts\/5472"}],"collection":[{"href":"https:\/\/krankenhauspfarramt.de\/index.php\/wp-json\/wp\/v2\/posts"}],"about":[{"href":"https:\/\/krankenhauspfarramt.de\/index.php\/wp-json\/wp\/v2\/types\/post"}],"author":[{"embeddable":true,"href":"https:\/\/krankenhauspfarramt.de\/index.php\/wp-json\/wp\/v2\/users\/1"}],"replies":[{"embeddable":true,"href":"https:\/\/krankenhauspfarramt.de\/index.php\/wp-json\/wp\/v2\/comments?post=5472"}],"version-history":[{"count":0,"href":"https:\/\/krankenhauspfarramt.de\/index.php\/wp-json\/wp\/v2\/posts\/5472\/revisions"}],"wp:attachment":[{"href":"https:\/\/krankenhauspfarramt.de\/index.php\/wp-json\/wp\/v2\/media?parent=5472"}],"wp:term":[{"taxonomy":"category","embeddable":true,"href":"https:\/\/krankenhauspfarramt.de\/index.php\/wp-json\/wp\/v2\/categories?post=5472"},{"taxonomy":"post_tag","embeddable":true,"href":"https:\/\/krankenhauspfarramt.de\/index.php\/wp-json\/wp\/v2\/tags?post=5472"}],"curies":[{"name":"wp","href":"https:\/\/api.w.org\/{rel}","templated":true}]}}