{"id":5473,"date":"2023-03-22T15:54:00","date_gmt":"2023-03-22T15:54:00","guid":{"rendered":"https:\/\/krankenhauspfarramt.de\/index.php\/2023\/03\/22\/16-03-2023-evangelische-kirche-sendet-gute-wuensche-zum-fastenmonat-ramadan\/"},"modified":"2023-03-22T15:54:00","modified_gmt":"2023-03-22T15:54:00","slug":"16-03-2023-evangelische-kirche-sendet-gute-wuensche-zum-fastenmonat-ramadan","status":"publish","type":"post","link":"https:\/\/krankenhauspfarramt.de\/index.php\/2023\/03\/22\/16-03-2023-evangelische-kirche-sendet-gute-wuensche-zum-fastenmonat-ramadan\/","title":{"rendered":"16.03.2023 Evangelische Kirche sendet gute W\u00fcnsche zum Fastenmonat Ramadan"},"content":{"rendered":"<p><img decoding=\"async\" src=\"https:\/\/www.elk-wue.de\/\" \/><\/p>\n<div id=\"c41999\">\n<header>\n<h2 class=\"b_is-headline\">Evangelische Kirche sendet gute W\u00fcnsche zum Fastenmonat Ramadan<\/h2>\n<h3>Gemeinsames Gru\u00dfwort der badischen Landesbisch\u00f6fin und des w\u00fcrttembergischen Landesbischofs<\/h3>\n<\/header>\n<p>Karlsruhe\/Stuttgart. Frohe und beh\u00fctete Fastentage und dass das gemeinsame Fastenbrechen Ermutigung schenke in dieser herausfordernden Zeit, das w\u00fcnschen Landesbisch\u00f6fin Heike Springhart und Landesbischof Ernst-Wilhelm Gohl den Musliminnen und Muslimen in Baden-W\u00fcrttemberg in einem gemeinsamen Gru\u00dfwort zum Fastenmonat Ramadan, der am 23. M\u00e4rz beginnt.<\/p>\n<p>\u201eUnser Gru\u00df gilt insbesondere allen Muslimen und Musliminnen hier, die durch famili\u00e4re, freundschaftliche oder berufliche Verbindungen in die Erdbebenregion pers\u00f6nlich betroffen sind von dieser schrecklichen Katastrophe und ihren Folgen; er gilt auch allen, die Familienangeh\u00f6rige aufgenommen haben oder auf vielfache andere Weise Hilfe geleistet haben und weiterhin leisten\u201c, so Springhart und Gohl. Die kommende Zeit m\u00f6ge Trost und Frieden spenden.<\/p>\n<p>Der Brauch der Einladung zum gemeinsamen Fastenbrechen mit Familien, Nachbarn und in der Moschee sei ein Zeichen des Teilens, das sich nicht allein auf die muslimische Gemeinschaft erstrecke, sondern auch viele Menschen anderer Religionen und Weltanschauungen teilhaben lasse. \u201eWir w\u00fcnschen Ihnen und uns, dass daraus positive und nachhaltige Impulse f\u00fcr den Zusammenhalt in unserer Gesellschaft ausgehen.\u201c<\/p>\n<p>Dan Peter<br \/>Sprecher der Landeskirche<\/p>\n<\/div>\n","protected":false},"excerpt":{"rendered":"<p>Evangelische Kirche sendet gute W\u00fcnsche zum Fastenmonat Ramadan Gemeinsames Gru\u00dfwort der badischen Landesbisch\u00f6fin und des w\u00fcrttembergischen Landesbischofs Karlsruhe\/Stuttgart. Frohe und<\/p>\n","protected":false},"author":1,"featured_media":0,"comment_status":"closed","ping_status":"closed","sticky":false,"template":"","format":"standard","meta":{"footnotes":""},"categories":[21],"tags":[],"_links":{"self":[{"href":"https:\/\/krankenhauspfarramt.de\/index.php\/wp-json\/wp\/v2\/posts\/5473"}],"collection":[{"href":"https:\/\/krankenhauspfarramt.de\/index.php\/wp-json\/wp\/v2\/posts"}],"about":[{"href":"https:\/\/krankenhauspfarramt.de\/index.php\/wp-json\/wp\/v2\/types\/post"}],"author":[{"embeddable":true,"href":"https:\/\/krankenhauspfarramt.de\/index.php\/wp-json\/wp\/v2\/users\/1"}],"replies":[{"embeddable":true,"href":"https:\/\/krankenhauspfarramt.de\/index.php\/wp-json\/wp\/v2\/comments?post=5473"}],"version-history":[{"count":0,"href":"https:\/\/krankenhauspfarramt.de\/index.php\/wp-json\/wp\/v2\/posts\/5473\/revisions"}],"wp:attachment":[{"href":"https:\/\/krankenhauspfarramt.de\/index.php\/wp-json\/wp\/v2\/media?parent=5473"}],"wp:term":[{"taxonomy":"category","embeddable":true,"href":"https:\/\/krankenhauspfarramt.de\/index.php\/wp-json\/wp\/v2\/categories?post=5473"},{"taxonomy":"post_tag","embeddable":true,"href":"https:\/\/krankenhauspfarramt.de\/index.php\/wp-json\/wp\/v2\/tags?post=5473"}],"curies":[{"name":"wp","href":"https:\/\/api.w.org\/{rel}","templated":true}]}}