{"id":5474,"date":"2023-03-22T17:38:06","date_gmt":"2023-03-22T17:38:06","guid":{"rendered":"https:\/\/krankenhauspfarramt.de\/index.php\/2023\/03\/22\/mittwoch-um-18-uhr-geht-anna-nicole-heinrich-auf-praesestour-ekd\/"},"modified":"2023-03-22T17:38:08","modified_gmt":"2023-03-22T17:38:08","slug":"mittwoch-um-18-uhr-geht-anna-nicole-heinrich-auf-praesestour-ekd","status":"publish","type":"post","link":"https:\/\/krankenhauspfarramt.de\/index.php\/2023\/03\/22\/mittwoch-um-18-uhr-geht-anna-nicole-heinrich-auf-praesestour-ekd\/","title":{"rendered":"Mittwoch um 18 Uhr geht Anna-Nicole Heinrich auf #Pr\u00e4sestour \u2013 EKD"},"content":{"rendered":"<p> <br \/>\n<\/p>\n<div id=\"\">\n<div class=\"article--meta article--meta__border clearfix\">\n<p>                                    <time datetime=\"22.03.2023 17:50\" class=\"article--time\">22.03.2023<\/time><\/p>\n<p>                                     <strong class=\"article--type primus--overline\">Pressemitteilung<\/strong><\/p>\n<picture class=\"article--source-image image\"><source srcset=\"https:\/\/www.ekd.de\/ekd_de\/ds_img\/assets\/20170622_ekd-Quellenlogo_141_rdax_423x118.png\"><!--<source srcset=\"\/ekd_de\/ds_img\/assets\/20170622_ekd-Quellenlogo_141_rdax_141x39.png 1x, \/ekd_de\/ds_img\/assets\/20170622_ekd-Quellenlogo_141_rdax_282x78.png 2x, https:\/\/www.ekd.de\/ekd_de\/ds_img\/assets\/20170622_ekd-Quellenlogo_141_rdax_423x118.png 3x\">--><\/p>\n<p>    <\/source><\/picture>\n<\/p><\/div><\/div>\n<div id=\"\">\n<p>Als Anna-Nicole Heinrich 2021 in das Amt der Pr\u00e4ses der Synode gew\u00e4hlt wurde, reiste sie erst einmal einen Monat lang durch das ganze Land, um mit Menschen, die bisher wenig oder keinen Kontakt zur Kirche hatten, ins Gespr\u00e4ch zu kommen. F\u00fcr ihr neues YouTube-Format <strong>\u201e<\/strong>POV Aus Annas Sicht\u201c hat Pr\u00e4ses Heinrich diesen Austausch nun fortgesetzt. Bei den Begegnungen, die in den vergangenen Monaten stattgefunden haben, hat sich Anna-Nicole Heinrich mit der Kamera begleiten lassen. Entstanden sind sechs jeweils 20-min\u00fctige Videos, die in den kommenden drei Monaten auf dem Kanal http:\/\/youtube.com\/@pov_aus_annas_sicht ver\u00f6ffentlicht werden.<\/p>\n<p>\u201eSeit Abschluss der Pr\u00e4sestour habe ich immer wieder von meinen spannenden Begegnungen erz\u00e4hlt. Noch inspirierender ist es aber, selbst mitzuerleben, was mir andere Menschen aus ihrem Leben berichten, und welche Ankn\u00fcpfungspunkte sich dabei wom\u00f6glich f\u00fcr uns als Kirche bieten.\u201c Bei den Begegnungen schildern die Gespr\u00e4chspartner*innen Erfahrungen, die sie in ihrem Leben gepr\u00e4gt haben. In der ersten Folge trifft Anna-Nicole Heinrich auf den Synchronsprecher Manuel Finke, der ihr schildert, wie er als Kind auf der Suche nach seiner Identit\u00e4t gemobbt wurde und heute gl\u00fccklich in der queeren Community lebt. Zu den weiteren Gespr\u00e4chspartner*innen z\u00e4hlen unter anderem ein Bestatter, ein Paralympics-Sportsch\u00fctze sowie eine Klimaaktivistin.<\/p>\n<p>Die Videos werden ab heute, 22. M\u00e4rz, alle 14 Tage mittwochs um 18 Uhr ver\u00f6ffentlicht. Die erste Folge ist ab sofort unter https:\/\/youtu.be\/krxaEaGxih8 zu sehen.<\/p>\n<p>Hannover, 22. M\u00e4rz 2023<\/p>\n<p>Pressestelle der EKD<br \/>Carsten Splitt<\/p>\n<\/div>\n","protected":false},"excerpt":{"rendered":"<p>22.03.2023 Pressemitteilung Als Anna-Nicole Heinrich 2021 in das Amt der Pr\u00e4ses der Synode gew\u00e4hlt wurde, reiste sie erst einmal einen<\/p>\n","protected":false},"author":1,"featured_media":5475,"comment_status":"closed","ping_status":"closed","sticky":false,"template":"","format":"standard","meta":{"footnotes":""},"categories":[20],"tags":[],"_links":{"self":[{"href":"https:\/\/krankenhauspfarramt.de\/index.php\/wp-json\/wp\/v2\/posts\/5474"}],"collection":[{"href":"https:\/\/krankenhauspfarramt.de\/index.php\/wp-json\/wp\/v2\/posts"}],"about":[{"href":"https:\/\/krankenhauspfarramt.de\/index.php\/wp-json\/wp\/v2\/types\/post"}],"author":[{"embeddable":true,"href":"https:\/\/krankenhauspfarramt.de\/index.php\/wp-json\/wp\/v2\/users\/1"}],"replies":[{"embeddable":true,"href":"https:\/\/krankenhauspfarramt.de\/index.php\/wp-json\/wp\/v2\/comments?post=5474"}],"version-history":[{"count":1,"href":"https:\/\/krankenhauspfarramt.de\/index.php\/wp-json\/wp\/v2\/posts\/5474\/revisions"}],"predecessor-version":[{"id":5476,"href":"https:\/\/krankenhauspfarramt.de\/index.php\/wp-json\/wp\/v2\/posts\/5474\/revisions\/5476"}],"wp:featuredmedia":[{"embeddable":true,"href":"https:\/\/krankenhauspfarramt.de\/index.php\/wp-json\/wp\/v2\/media\/5475"}],"wp:attachment":[{"href":"https:\/\/krankenhauspfarramt.de\/index.php\/wp-json\/wp\/v2\/media?parent=5474"}],"wp:term":[{"taxonomy":"category","embeddable":true,"href":"https:\/\/krankenhauspfarramt.de\/index.php\/wp-json\/wp\/v2\/categories?post=5474"},{"taxonomy":"post_tag","embeddable":true,"href":"https:\/\/krankenhauspfarramt.de\/index.php\/wp-json\/wp\/v2\/tags?post=5474"}],"curies":[{"name":"wp","href":"https:\/\/api.w.org\/{rel}","templated":true}]}}