{"id":5477,"date":"2023-03-22T18:46:27","date_gmt":"2023-03-22T18:46:27","guid":{"rendered":"https:\/\/krankenhauspfarramt.de\/index.php\/2023\/03\/22\/religionen-beteiligen-sich-an-wochen-gegen-rassismus-ekd\/"},"modified":"2023-03-22T18:46:29","modified_gmt":"2023-03-22T18:46:29","slug":"religionen-beteiligen-sich-an-wochen-gegen-rassismus-ekd","status":"publish","type":"post","link":"https:\/\/krankenhauspfarramt.de\/index.php\/2023\/03\/22\/religionen-beteiligen-sich-an-wochen-gegen-rassismus-ekd\/","title":{"rendered":"Religionen beteiligen sich an Wochen gegen Rassismus \u2013 EKD"},"content":{"rendered":"<p> <br \/>\n<\/p>\n<div>\n<p>\u201eReligionen m\u00fcssen Vorreiter sein. Alle Religionen sind gefordert, sich f\u00fcr Menschlichkeit zu engagieren\u201c, sagte Ihsan Dilber, Vorsitzender des Landesverbandes der Alevitischen Gemeinden in Hessen, nach Angaben der Stiftung. Tsunma Konchok Jinpa Chodron, Ratsmitglied der Deutschen Buddhistischen Union, erg\u00e4nzte: \u201eDie Gastfreundschaft nimmt in allen Religionen und Traditionen einen hohen Stellenwert ein. Wir laden ein und \u00f6ffnen damit eine T\u00fcr zu unserer Welt &#8211; und erfahren dabei etwas mehr \u00fcber die uns fremde Welt\u201c.<\/p>\n<p>W\u00e4hrend nach Angaben der Stiftung vor einigen Jahren noch zehn j\u00fcdische Pers\u00f6nlichkeiten bei Freitagsgebeten zu Moscheegemeinden sprachen, gebe es in diesem Jahr in keiner muslimischen Gemeinde eine solche Veranstaltung. Die f\u00fcr die koordinierenden Aufgaben erforderliche halbe Stelle habe in diesem Jahr nicht finanziert werden k\u00f6nnen, sagte das Vorstandsmitglied J\u00fcrgen Micksch. Die zentralen religi\u00f6sen Feiern w\u00e4hrend der UN-Wochen finden vom 23. bis 26. M\u00e4rz in Augsburg statt.<\/p>\n<\/p><\/div>\n","protected":false},"excerpt":{"rendered":"<p>\u201eReligionen m\u00fcssen Vorreiter sein. Alle Religionen sind gefordert, sich f\u00fcr Menschlichkeit zu engagieren\u201c, sagte Ihsan Dilber, Vorsitzender des Landesverbandes der<\/p>\n","protected":false},"author":1,"featured_media":5478,"comment_status":"closed","ping_status":"closed","sticky":false,"template":"","format":"standard","meta":{"footnotes":""},"categories":[20],"tags":[],"_links":{"self":[{"href":"https:\/\/krankenhauspfarramt.de\/index.php\/wp-json\/wp\/v2\/posts\/5477"}],"collection":[{"href":"https:\/\/krankenhauspfarramt.de\/index.php\/wp-json\/wp\/v2\/posts"}],"about":[{"href":"https:\/\/krankenhauspfarramt.de\/index.php\/wp-json\/wp\/v2\/types\/post"}],"author":[{"embeddable":true,"href":"https:\/\/krankenhauspfarramt.de\/index.php\/wp-json\/wp\/v2\/users\/1"}],"replies":[{"embeddable":true,"href":"https:\/\/krankenhauspfarramt.de\/index.php\/wp-json\/wp\/v2\/comments?post=5477"}],"version-history":[{"count":1,"href":"https:\/\/krankenhauspfarramt.de\/index.php\/wp-json\/wp\/v2\/posts\/5477\/revisions"}],"predecessor-version":[{"id":5479,"href":"https:\/\/krankenhauspfarramt.de\/index.php\/wp-json\/wp\/v2\/posts\/5477\/revisions\/5479"}],"wp:featuredmedia":[{"embeddable":true,"href":"https:\/\/krankenhauspfarramt.de\/index.php\/wp-json\/wp\/v2\/media\/5478"}],"wp:attachment":[{"href":"https:\/\/krankenhauspfarramt.de\/index.php\/wp-json\/wp\/v2\/media?parent=5477"}],"wp:term":[{"taxonomy":"category","embeddable":true,"href":"https:\/\/krankenhauspfarramt.de\/index.php\/wp-json\/wp\/v2\/categories?post=5477"},{"taxonomy":"post_tag","embeddable":true,"href":"https:\/\/krankenhauspfarramt.de\/index.php\/wp-json\/wp\/v2\/tags?post=5477"}],"curies":[{"name":"wp","href":"https:\/\/api.w.org\/{rel}","templated":true}]}}