{"id":5480,"date":"2023-03-22T21:42:03","date_gmt":"2023-03-22T21:42:03","guid":{"rendered":"https:\/\/krankenhauspfarramt.de\/index.php\/2023\/03\/22\/moegen-die-begegnungen-zur-gegenseitigen-staerkung-und-solidaritaet-beitragen-ekd\/"},"modified":"2023-03-22T21:42:05","modified_gmt":"2023-03-22T21:42:05","slug":"moegen-die-begegnungen-zur-gegenseitigen-staerkung-und-solidaritaet-beitragen-ekd","status":"publish","type":"post","link":"https:\/\/krankenhauspfarramt.de\/index.php\/2023\/03\/22\/moegen-die-begegnungen-zur-gegenseitigen-staerkung-und-solidaritaet-beitragen-ekd\/","title":{"rendered":"\u201eM\u00f6gen die Begegnungen zur gegenseitigen St\u00e4rkung und Solidarit\u00e4t beitragen\u201c \u2013 EKD"},"content":{"rendered":"<p> <br \/>\n<\/p>\n<div id=\"\">\n<div class=\"article--meta article--meta__border clearfix\">\n<p>                                    <time datetime=\"22.03.2023 10:00\" class=\"article--time\">22.03.2023<\/time><\/p>\n<p>                                     <strong class=\"article--type primus--overline\">Pressemitteilung<\/strong><\/p>\n<picture class=\"article--source-image image\"><source srcset=\"https:\/\/www.ekd.de\/ekd_de\/ds_img\/assets\/20170622_ekd-Quellenlogo_141_rdax_423x118.png\"><!--<source srcset=\"\/ekd_de\/ds_img\/assets\/20170622_ekd-Quellenlogo_141_rdax_141x39.png 1x, \/ekd_de\/ds_img\/assets\/20170622_ekd-Quellenlogo_141_rdax_282x78.png 2x, https:\/\/www.ekd.de\/ekd_de\/ds_img\/assets\/20170622_ekd-Quellenlogo_141_rdax_423x118.png 3x\">--><\/p>\n<p>    <\/source><\/picture>\n<\/p><\/div>\n<h2 class=\"article--sub-headline primus--sub-headline\">Gr\u00fc\u00dfe der EKD-Ratsvorsitzenden zum Fastenmonat Ramadan 2023<\/h2>\n<\/p><\/div>\n<div id=\"\">\n<p class=\"EKDAdressdaten\">Zum Fastenmonat Ramadan, der in diesem Jahr am 23. M\u00e4rz beginnt und mit dem Fest des Fastenbrechens am 21. April endet, hat die Ratsvorsitzende der Evangelischen Kirche in Deutschland (EKD), Pr\u00e4ses Annette Kurschus, in einem Brief an die muslimischen Mitb\u00fcrgerinnen und Mitb\u00fcrger herzliche Gr\u00fc\u00dfe und W\u00fcnsche der EKD \u00fcbermittelt.<\/p>\n<p class=\"EKDAdressdaten\">\u201eVor wenigen Wochen hat ein Erdbeben im S\u00fcdosten der T\u00fcrkei und in Nordsyrien ein kaum zu erahnendes Ausma\u00df an Zerst\u00f6rung \u00fcber diese Region gebracht. Tausende von Menschen haben durch eingest\u00fcrzte H\u00e4user ihr Leben verloren. Hinzu kamen in derselben Region verheerende \u00dcberschwemmungen. Unvorstellbares Leid m\u00fcssen die Menschen ertragen. Der Schmerz und die Trauer sitzen tief und pr\u00e4gen die besondere Zeit des Fastenmonats in diesem Jahr. Unter normalen Umst\u00e4nden erinnert der Verzicht im Ramadan auch daran, dass vielen Menschen das Lebensnotwendige fehlt. Manchmal verlieren wir das Leid unserer N\u00e4chsten aus dem Blick, doch in diesem Jahr schreit die Not zum Himmel. Sie ist nicht zu \u00fcberh\u00f6ren und zu \u00fcbersehen\u201c, so die Ratsvorsitzende.<\/p>\n<p>\u201eAls glaubende Menschen bringen wir unsere Trauer und unseren Schmerz vor Gott. Das tun wir sicher in sehr unterschiedlicher Weise. F\u00fcr uns Christen und Christinnen steht \u00fcber dem Jahr 2023 die Jahreslosung \u201eDu bist ein Gott, der mich sieht.\u201c Dieser Satz steht in 1. Mose 16,13 und stammt aus einer dramatischen Geschichte. Hagar spricht diese Worte aus. Sie ist in einer v\u00f6llig ausweglosen Lage: schwanger, allein, heimatlos und ohne Perspektive. In dieser Situation w\u00e4chst in ihr die Erkenntnis, dass Gott sie in ihrer Verlassenheit sieht. Diese Erfahrung gibt ihr Mut f\u00fcr die n\u00e4chsten Schritte. Ich hoffe und bete, dass die von Leid betroffenen Menschen im Erdbebengebiet tr\u00f6stende Erfahrungen machen und sie wieder Zuversicht und Hoffnung aus ihren Quellen des Glaubens sch\u00f6pfen k\u00f6nnen, aber auch aus der gro\u00dfen Hilfsbereitschaft \u00fcber alle Grenzen hinweg\u201c, so Kurschus.<\/p>\n<p>In diesem Jahr sei es nach der Corona-Pandemie wieder m\u00f6glich, sich in den Familien, mit Freunden und in den Moschee-Gemeinden zum Fastenbrechen zu treffen, so die Ratsvorsitzende. \u201eM\u00f6gen die Begegnungen zur gegenseitigen St\u00e4rkung und Solidarit\u00e4t beitragen. Im Namen des Rates der Evangelischen Kirche in Deutschland darf ich Ihnen zum Ramadan die herzlichen Gr\u00fc\u00dfe \u00fcberbringen. Ich w\u00fcnsche Ihnen, Ihren Familien und Gemeinden die Zuwendung des barmherzigen Gottes und am Ende des Ramadans ein sch\u00f6nes Fest des Fastenbrechens\u201c.<\/p>\n<p class=\"EKDAdressdaten\">Hinweis: Die Gru\u00dfbotschaft zum Ramadan der Vorsitzenden des Rates der EKD ist abrufbar unter www.ekd.de\/grusswort-ramadan.<\/p>\n<p class=\"EKDAdressdaten\">Hannover, 22. M\u00e4rz 2023<\/p>\n<p class=\"EKDAdressdaten\">Pressestelle der EKD<br \/>Carsten Splitt<\/p>\n<\/div>\n","protected":false},"excerpt":{"rendered":"<p>22.03.2023 Pressemitteilung Gr\u00fc\u00dfe der EKD-Ratsvorsitzenden zum Fastenmonat Ramadan 2023 Zum Fastenmonat Ramadan, der in diesem Jahr am 23. M\u00e4rz beginnt<\/p>\n","protected":false},"author":1,"featured_media":4250,"comment_status":"closed","ping_status":"closed","sticky":false,"template":"","format":"standard","meta":{"footnotes":""},"categories":[20],"tags":[],"_links":{"self":[{"href":"https:\/\/krankenhauspfarramt.de\/index.php\/wp-json\/wp\/v2\/posts\/5480"}],"collection":[{"href":"https:\/\/krankenhauspfarramt.de\/index.php\/wp-json\/wp\/v2\/posts"}],"about":[{"href":"https:\/\/krankenhauspfarramt.de\/index.php\/wp-json\/wp\/v2\/types\/post"}],"author":[{"embeddable":true,"href":"https:\/\/krankenhauspfarramt.de\/index.php\/wp-json\/wp\/v2\/users\/1"}],"replies":[{"embeddable":true,"href":"https:\/\/krankenhauspfarramt.de\/index.php\/wp-json\/wp\/v2\/comments?post=5480"}],"version-history":[{"count":1,"href":"https:\/\/krankenhauspfarramt.de\/index.php\/wp-json\/wp\/v2\/posts\/5480\/revisions"}],"predecessor-version":[{"id":5481,"href":"https:\/\/krankenhauspfarramt.de\/index.php\/wp-json\/wp\/v2\/posts\/5480\/revisions\/5481"}],"wp:featuredmedia":[{"embeddable":true,"href":"https:\/\/krankenhauspfarramt.de\/index.php\/wp-json\/wp\/v2\/media\/4250"}],"wp:attachment":[{"href":"https:\/\/krankenhauspfarramt.de\/index.php\/wp-json\/wp\/v2\/media?parent=5480"}],"wp:term":[{"taxonomy":"category","embeddable":true,"href":"https:\/\/krankenhauspfarramt.de\/index.php\/wp-json\/wp\/v2\/categories?post=5480"},{"taxonomy":"post_tag","embeddable":true,"href":"https:\/\/krankenhauspfarramt.de\/index.php\/wp-json\/wp\/v2\/tags?post=5480"}],"curies":[{"name":"wp","href":"https:\/\/api.w.org\/{rel}","templated":true}]}}