{"id":5486,"date":"2023-03-23T17:54:10","date_gmt":"2023-03-23T17:54:10","guid":{"rendered":"https:\/\/krankenhauspfarramt.de\/index.php\/2023\/03\/23\/gegen-soziale-kaelte-und-fuer-mehr-zusammenhalt-hunderte-angebote-durch-aktion-waermewinter-ekd\/"},"modified":"2023-03-23T17:54:12","modified_gmt":"2023-03-23T17:54:12","slug":"gegen-soziale-kaelte-und-fuer-mehr-zusammenhalt-hunderte-angebote-durch-aktion-waermewinter-ekd","status":"publish","type":"post","link":"https:\/\/krankenhauspfarramt.de\/index.php\/2023\/03\/23\/gegen-soziale-kaelte-und-fuer-mehr-zusammenhalt-hunderte-angebote-durch-aktion-waermewinter-ekd\/","title":{"rendered":"Gegen soziale K\u00e4lte und f\u00fcr mehr Zusammenhalt \u2013 Hunderte Angebote durch Aktion #w\u00e4rmewinter \u2013 EKD"},"content":{"rendered":"<p> <br \/>\n<\/p>\n<div id=\"\">\n<div class=\"article--meta article--meta__border clearfix\">\n<p>                                    <time datetime=\"23.03.2023 13:00\" class=\"article--time\">23.03.2023<\/time><\/p>\n<p>                                     <strong class=\"article--type primus--overline\">Pressemitteilung<\/strong><\/p>\n<picture class=\"article--source-image image\"><source srcset=\"https:\/\/www.ekd.de\/ekd_de\/ds_img\/assets\/20170622_ekd-Quellenlogo_141_rdax_423x118.png\"><!--<source srcset=\"\/ekd_de\/ds_img\/assets\/20170622_ekd-Quellenlogo_141_rdax_141x39.png 1x, \/ekd_de\/ds_img\/assets\/20170622_ekd-Quellenlogo_141_rdax_282x78.png 2x, https:\/\/www.ekd.de\/ekd_de\/ds_img\/assets\/20170622_ekd-Quellenlogo_141_rdax_423x118.png 3x\">--><\/p>\n<p>    <\/source><\/picture>\n<\/p><\/div><\/div>\n<div id=\"\">\n<p>Die Evangelische Kirche in Deutschland (EKD) und die Diakonie Deutschland haben in diesem Winter mit der Aktion #w\u00e4rmewinter ein dichtes Netz gegen soziale K\u00e4lte und f\u00fcr mehr Zusammenhalt gekn\u00fcpft. Angesichts der hohen Belastung vieler Menschen durch steigende Energie- und Lebensmittelpreise hatten Diakonie und Kirche im vergangenen Herbst den #w\u00e4rmewinter ausgerufen. Bundesweit \u00f6ffneten Kirchengemeinden und diakonische Einrichtungen ihre T\u00fcren und schufen in ganz Deutschland w\u00e4rmende Orte, an denen Betroffene Hilfe erhalten, sich aber auch \u00fcber ihre Rechte informieren k\u00f6nnen. Inzwischen sind Hunderte diakonische Angebote in ganz Deutschland entstanden: Sie reichen vom Eltern-Kind-Caf\u00e9 in Bremen bis zum \u201eNacht-Caf\u00e9\u201c in Dresden, von der hei\u00dfen Suppe in Hanau bis zur Energieberatung in M\u00fcnchen. Mitfinanziert wurden viele #w\u00e4rmewinter-Aktionen durch die zus\u00e4tzlichen Kirchensteuereinnahmen aus der Energiepreispauschale. Dieses Geld stellten Landeskirchen f\u00fcr die Arbeit mit von Energiearmut betroffenen Menschen zur Verf\u00fcgung.<\/p>\n<p><strong>Annette Kurschus, Ratsvorsitzende der Evangelischen Kirche in Deutschland (EKD):<\/strong><\/p>\n<p>\u201eWir danken den vielen Menschen, die durch ihr Engagement dazu beigetragen haben, Hilfesuchenden in diesem Krisenwinter eine Anlaufstelle zu bieten. Der #w\u00e4rmewinter ist ein verhei\u00dfungsvolles Projekt des Zusammenwirkens von Diakonie und Kirche. Gemeinsame Aktionen wie diese zeigen: Wir sind nicht nur schnell und kreativ, sondern wir haben eine wichtige Aufgabe in den Quartieren \u00fcberall im Land und k\u00f6nnen die verschiedenen Akteure im Sozialraum zusammenbringen. Wo uns das gelingt, leuchtet etwas auf von der Kirche der Zukunft.\u201c<\/p>\n<p><strong>Ulrich Lilie, Pr\u00e4sident Diakonie Deutschland<\/strong>: \u201eAus unserer aktuellen Umfrage in der Schuldnerberatung wissen wir, dass es f\u00fcr viele Menschen erst richtig eng wird, wenn die Jahresendabrechnungen der Energieversorger kommen. Auch wenn mit dem Fr\u00fchjahr physisch weniger warme Orte gebraucht werden, gehen deshalb viele Angebote der Aktion #w\u00e4rmewinter weiter. Au\u00dferdem hat der #w\u00e4rmewinter viele bereits bestehende Anlaufstellen der Diakonie etwa zur Sozial- oder Schuldnerberatung noch sichtbarer gemacht und es wird diese auch weiterhin geben.\u201c<\/p>\n<p>Der #w\u00e4rmewinter hat gezeigt: \u201eProfessionelle Sozialarbeit und Sozialberatung brauchen eine verl\u00e4ssliche Finanzierung\u201c, sagt Lilie: \u201eViele Beratungsstellen arbeiten schon jetzt am Anschlag, weil sie chronisch unterbesetzt sind oder zu lange auf ihre Refinanzierung warten m\u00fcssen. Hier haben wir klare Erwartungen an die Politik. Der soziale Frieden setzt voraus, dass die Versprechen des Sozialstaats eingel\u00f6st werden. Und dass die Entlastungen bei den Menschen in Not tats\u00e4chlich ankommen. Der Erfolg des #w\u00e4rmewinters ist in dieser Hinsicht auch ein Weckruf\u201c, sagte Lilie.<\/p>\n<p><strong>Weitere Infos: <\/strong><\/p>\n<p>Zur Kampagnenseite: <span class=\"Hyperlink0\"><span style=\"text-decoration:underline\"><span lang=\"FR\">www.waermewinter.de<\/span><\/span><\/span><\/p>\n<p><strong>Kontakt: <\/strong><\/p>\n<p style=\"border-color:initial; border-image:initial; border-width:initial\">Kathrin Klinkusch, Pressesprecherin Diakonie Deutschland, Tel. <span lang=\"PT\">+49 30 65211-1780, E-Mail: <\/span><span lang=\"PT\">pressestelle@diakonie.de<\/span><span lang=\"PT\">, <\/span><span lang=\"PT\">www.diakonie.de<\/span><\/p>\n<p style=\"border-color:initial; border-image:initial; border-width:initial\">Carsten Splitt, Evangelische Kirche in Deutschland (EKD), Tel. <span lang=\"PT\">+ 49 511-2769268, E-Mail: <\/span><span lang=\"PT\">presse@ekd.de<\/span><span lang=\"PT\">, <\/span><span lang=\"PT\">www.ekd.de<\/span><\/p>\n<p style=\"border-color:initial; border-image:initial; border-width:initial\">Bei R\u00fcckfragen oder zur Vereinbarung von Interviews stehen wir Ihnen gerne zur Verf\u00fcgung.<\/p>\n<p>Hannover\/Berlin, 23. M\u00e4rz 2023<\/p>\n<p>Pressestelle der EKD<\/p>\n<\/div>\n","protected":false},"excerpt":{"rendered":"<p>23.03.2023 Pressemitteilung Die Evangelische Kirche in Deutschland (EKD) und die Diakonie Deutschland haben in diesem Winter mit der Aktion #w\u00e4rmewinter<\/p>\n","protected":false},"author":1,"featured_media":5487,"comment_status":"closed","ping_status":"closed","sticky":false,"template":"","format":"standard","meta":{"footnotes":""},"categories":[20],"tags":[],"_links":{"self":[{"href":"https:\/\/krankenhauspfarramt.de\/index.php\/wp-json\/wp\/v2\/posts\/5486"}],"collection":[{"href":"https:\/\/krankenhauspfarramt.de\/index.php\/wp-json\/wp\/v2\/posts"}],"about":[{"href":"https:\/\/krankenhauspfarramt.de\/index.php\/wp-json\/wp\/v2\/types\/post"}],"author":[{"embeddable":true,"href":"https:\/\/krankenhauspfarramt.de\/index.php\/wp-json\/wp\/v2\/users\/1"}],"replies":[{"embeddable":true,"href":"https:\/\/krankenhauspfarramt.de\/index.php\/wp-json\/wp\/v2\/comments?post=5486"}],"version-history":[{"count":1,"href":"https:\/\/krankenhauspfarramt.de\/index.php\/wp-json\/wp\/v2\/posts\/5486\/revisions"}],"predecessor-version":[{"id":5488,"href":"https:\/\/krankenhauspfarramt.de\/index.php\/wp-json\/wp\/v2\/posts\/5486\/revisions\/5488"}],"wp:featuredmedia":[{"embeddable":true,"href":"https:\/\/krankenhauspfarramt.de\/index.php\/wp-json\/wp\/v2\/media\/5487"}],"wp:attachment":[{"href":"https:\/\/krankenhauspfarramt.de\/index.php\/wp-json\/wp\/v2\/media?parent=5486"}],"wp:term":[{"taxonomy":"category","embeddable":true,"href":"https:\/\/krankenhauspfarramt.de\/index.php\/wp-json\/wp\/v2\/categories?post=5486"},{"taxonomy":"post_tag","embeddable":true,"href":"https:\/\/krankenhauspfarramt.de\/index.php\/wp-json\/wp\/v2\/tags?post=5486"}],"curies":[{"name":"wp","href":"https:\/\/api.w.org\/{rel}","templated":true}]}}