{"id":5489,"date":"2023-03-23T19:08:25","date_gmt":"2023-03-23T19:08:25","guid":{"rendered":"https:\/\/krankenhauspfarramt.de\/index.php\/2023\/03\/23\/kirche-und-diakonie-ziehen-bilanz-von-waermewinter-ekd\/"},"modified":"2023-03-23T19:08:35","modified_gmt":"2023-03-23T19:08:35","slug":"kirche-und-diakonie-ziehen-bilanz-von-waermewinter-ekd","status":"publish","type":"post","link":"https:\/\/krankenhauspfarramt.de\/index.php\/2023\/03\/23\/kirche-und-diakonie-ziehen-bilanz-von-waermewinter-ekd\/","title":{"rendered":"Kirche und Diakonie ziehen Bilanz von #w\u00e4rmewinter \u2013 EKD"},"content":{"rendered":"<p> <br \/>\n<\/p>\n<div>\n<p>Vor dem Hintergrund steigender Energiepreise und drohender sozialer Notlagen hatten Kirche und Diakonie im Herbst ihre Gemeinden aufgerufen, W\u00e4rmestuben und Beratungsangebote einzurichten. In einer Situation, in der auch das gesellschaftliche Klima \u201esehr k\u00fchl und trist\u201c gewesen sei, sei es darum gegangen, konkret zu helfen und zugleich \u201eMenschlichkeit und Herzlichkeit sp\u00fcrbar und sichtbar zu machen\u201c, sagte Kurschus. \u201eDurch diesen Winter hat ein warmer Wind der Verbundenheit und der Solidarit\u00e4t geweht.\u201c<\/p>\n<p>Finanziert wurden die Angebote unter anderem durch zus\u00e4tzliche Kirchensteuereinnahmen infolge der im September ausgezahlten Energiepreispauschale. Diakonie-Pr\u00e4sident Ulrich Lilie sprach von mehreren Millionen Euro, die dabei und durch zus\u00e4tzliche Spenden zusammengekommen seien. Genau beziffern l\u00e4sst sich die Gesamtsumme Kurschus zufolge nicht, weil die Gelder jeweils von den Landeskirchen zur Verf\u00fcgung gestellt wurden.<\/p>\n<p>Mit der Aktion seien auch bestehende Angebote neu ins Licht ger\u00fcckt worden, betonte die Ratsvorsitzende, die auch Pr\u00e4ses der Evangelischen Kirche von Westfalen ist. \u201eWir haben eines der besten Filialnetze der Welt.\u201c Vielfach seien Netzwerke etwa mit Kommunen, Sozialverb\u00e4nden und Vereinen sowie in \u00f6kumenischer und interreligi\u00f6ser Zusammenarbeit entstanden.<\/p>\n<p>Diakonie-Pr\u00e4sident Lilie betonte, auch im Fr\u00fchjahr seien weiter Hilfen n\u00f6tig, und viele Angebote w\u00fcrden weitergef\u00fchrt. Er forderte eine verl\u00e4ssliche staatliche Finanzierung f\u00fcr die Sozialarbeit und Sozialberatung, die vielfach am Anschlag arbeiteten. \u201eDer soziale Frieden setzt voraus, dass die Versprechen des Sozialstaats eingel\u00f6st werden. Und dass die Entlastungen bei den Menschen in Not tats\u00e4chlich ankommen.\u201c Zugleich sei die Aktion #w\u00e4rmewinter beispielhaft f\u00fcr eine \u201esorgende Gemeinschaft\u201c, wie sie k\u00fcnftig mit dem Blick auf den zunehmenden Fachkr\u00e4ftemangel immer wichtiger werde.<\/p>\n<\/p><\/div>\n","protected":false},"excerpt":{"rendered":"<p>Vor dem Hintergrund steigender Energiepreise und drohender sozialer Notlagen hatten Kirche und Diakonie im Herbst ihre Gemeinden aufgerufen, W\u00e4rmestuben und<\/p>\n","protected":false},"author":1,"featured_media":5490,"comment_status":"closed","ping_status":"closed","sticky":false,"template":"","format":"standard","meta":{"footnotes":""},"categories":[20],"tags":[],"_links":{"self":[{"href":"https:\/\/krankenhauspfarramt.de\/index.php\/wp-json\/wp\/v2\/posts\/5489"}],"collection":[{"href":"https:\/\/krankenhauspfarramt.de\/index.php\/wp-json\/wp\/v2\/posts"}],"about":[{"href":"https:\/\/krankenhauspfarramt.de\/index.php\/wp-json\/wp\/v2\/types\/post"}],"author":[{"embeddable":true,"href":"https:\/\/krankenhauspfarramt.de\/index.php\/wp-json\/wp\/v2\/users\/1"}],"replies":[{"embeddable":true,"href":"https:\/\/krankenhauspfarramt.de\/index.php\/wp-json\/wp\/v2\/comments?post=5489"}],"version-history":[{"count":1,"href":"https:\/\/krankenhauspfarramt.de\/index.php\/wp-json\/wp\/v2\/posts\/5489\/revisions"}],"predecessor-version":[{"id":5491,"href":"https:\/\/krankenhauspfarramt.de\/index.php\/wp-json\/wp\/v2\/posts\/5489\/revisions\/5491"}],"wp:featuredmedia":[{"embeddable":true,"href":"https:\/\/krankenhauspfarramt.de\/index.php\/wp-json\/wp\/v2\/media\/5490"}],"wp:attachment":[{"href":"https:\/\/krankenhauspfarramt.de\/index.php\/wp-json\/wp\/v2\/media?parent=5489"}],"wp:term":[{"taxonomy":"category","embeddable":true,"href":"https:\/\/krankenhauspfarramt.de\/index.php\/wp-json\/wp\/v2\/categories?post=5489"},{"taxonomy":"post_tag","embeddable":true,"href":"https:\/\/krankenhauspfarramt.de\/index.php\/wp-json\/wp\/v2\/tags?post=5489"}],"curies":[{"name":"wp","href":"https:\/\/api.w.org\/{rel}","templated":true}]}}