{"id":5492,"date":"2023-03-24T17:59:17","date_gmt":"2023-03-24T17:59:17","guid":{"rendered":"https:\/\/krankenhauspfarramt.de\/index.php\/2023\/03\/24\/stephan-schaede-folgt-auf-horst-gorski-ekd\/"},"modified":"2023-03-24T17:59:21","modified_gmt":"2023-03-24T17:59:21","slug":"stephan-schaede-folgt-auf-horst-gorski-ekd","status":"publish","type":"post","link":"https:\/\/krankenhauspfarramt.de\/index.php\/2023\/03\/24\/stephan-schaede-folgt-auf-horst-gorski-ekd\/","title":{"rendered":"Stephan Schaede folgt auf Horst Gorski \u2013 EKD"},"content":{"rendered":"<p> <br \/>\n<\/p>\n<div id=\"\">\n<div class=\"article--meta article--meta__border clearfix\">\n<p>                                    <time datetime=\"24.03.2023 18:00\" class=\"article--time\">24.03.2023<\/time><\/p>\n<p>                                     <strong class=\"article--type primus--overline\">Pressemitteilung<\/strong><\/p>\n<picture class=\"article--source-image image\"><source srcset=\"https:\/\/www.ekd.de\/ekd_de\/ds_img\/assets\/velkd.jpg\"><!--<source srcset=\"\/ekd_de\/ds_img\/assets\/velkd_rdax_141x141.jpg 1x, \/ekd_de\/ds_img\/assets\/velkd_rdax_282x282.jpg 2x, https:\/\/www.ekd.de\/ekd_de\/ds_img\/assets\/velkd.jpg 3x\">--><\/p>\n<p>    <\/source><\/picture>\n<\/p><\/div><\/div>\n<div id=\"\">\n<p><span style=\"letter-spacing:-.2pt\">Der 59-j\u00e4hrige Theologe Dr. Stephan Schaede, Regionalbischof f\u00fcr den Sprengel L\u00fcneburg der Evangelisch-lutherischen Landeskirche Hannovers, tritt voraussichtlich am 1. August die Nachfolge von Dr.\u00a0Horst Gorski an, der am 30. Juni nach acht Jahren im Kirchenamt in den Ruhestand tritt.<\/span><\/p>\n<p>Stefan Schaede \u00fcbernimmt als Vizepr\u00e4sident der Evangelischen Kirche in Deutschland (EKD) beide Leitungsfunktionen, die Horst Gorski derzeit innehat: die Verantwortung f\u00fcr die Hauptabteilung\u00a0II (kirchliche Handlungsfelder, Bildung und \u00f6ffentliche Verantwortung) sowie f\u00fcr den Amtsbereich der Vereinigten Evangelisch-Lutherischen Kirche Deutschlands (VELKD) im Kirchenamt der EKD. Schaede hat evangelische Theologie und Philosophie in T\u00fcbingen, Rom und G\u00f6ttingen studiert. 1998 wurde er am Lehrstuhl von Eberhard J\u00fcngel zum Dr.\u00a0theol. promoviert, 2000 in der Landeskirche Hannover zum Pastor ordiniert. Bis 2004 war er als Gemeindepastor im Solling t\u00e4tig, sp\u00e4ter als theologischer Referent an der Forschungsstelle der Evangelischen Studiengemeinschaft (FEST), und von 2010 bis 2021 f\u00fchrte er als Direktor die Evangelische Akademie Loccum. Am 1. Juli 2021 wurde Schaede von dem hannoverschen Landesbischof Ralf Meister in sein neues Amt als Regionalbischof f\u00fcr den Sprengel L\u00fcneburg eingef\u00fchrt. Schaede ist mit der Theologin Dr. Ina Schaede verheiratet und Vater von vier T\u00f6chtern.<\/p>\n<p>Die Ratsvorsitzende der EKD, Annette Kurschus, bezeichnete Schaedes Berufung als \u201eausgesprochen chancenreiche Perspektive f\u00fcr die EKD und VELKD\u201c. \u201eDie Erfahrungen, die Stephan Schaede aus seinen bisherigen beruflichen Zusammenh\u00e4ngen mitbringt, kommen uns bei seinen neuen Aufgaben auf besondere Weise zugute. In Schaede treffen wir auf einen leidenschaftlichen, innovativen und hoch angesehenen Theologen, der in Wissenschaft und Gesellschaft bestens vernetzt ist.\u201c<\/p>\n<p>Landesbischof Meister, Leitender Geistlicher der VELKD, sagte zur gemeinsamen Personalentscheidung des Rates der EKD und der Kirchenleitung der VELKD: \u201eIch habe Stephan Schaede als exzellenten Theologen und als humorvollen, warmherzigen Menschen kennengelernt und freue mich sehr, dass wir nun in einer neuen Konstellation weiterhin zusammenarbeiten werden.\u201c<\/p>\n<p>\u201eIch freue mich sehr auf die Aufgabe\u201c, sagte Schaede anl\u00e4sslich seiner Berufung. \u201eIch w\u00fcnsche mir eine bekenntnisorientierte Kirche, die selbstbewusst Debatten f\u00fchrt, an der viele Menschen sich beteiligen k\u00f6nnen.\u201c Als wichtige ethische Themen nannte Schaede die Fragen nach Gerechtigkeit und Frieden in internationaler Verantwortung und Fragen der Wissenschaftsethik: \u201eWas hei\u00dft menschliche Selbstbestimmung vor Gott im Horizont von K\u00fcnstlicher Intelligenz (KI), reproduktionsmedizinischer und biologischer Grundlagenforschung?\u201c<\/p>\n<p><em>Hinweis: Ein Foto von Dr. Stephan Schaede kann <\/em><em>hier<\/em><em> heruntergeladen werden.<\/em><\/p>\n<p>Hannover, 24. M\u00e4rz 2023<\/p>\n<p>Pressestelle der VELKD\u00a0<br \/>Dr. Frank Hofmann\u00a0\u00a0\u00a0\u00a0\u00a0\u00a0\u00a0\u00a0<\/p>\n<p>Pressestelle der EKD<br \/>Carsten Splitt<\/p>\n<\/div>\n","protected":false},"excerpt":{"rendered":"<p>24.03.2023 Pressemitteilung Der 59-j\u00e4hrige Theologe Dr. Stephan Schaede, Regionalbischof f\u00fcr den Sprengel L\u00fcneburg der Evangelisch-lutherischen Landeskirche Hannovers, tritt voraussichtlich am<\/p>\n","protected":false},"author":1,"featured_media":5493,"comment_status":"closed","ping_status":"closed","sticky":false,"template":"","format":"standard","meta":{"footnotes":""},"categories":[20],"tags":[],"_links":{"self":[{"href":"https:\/\/krankenhauspfarramt.de\/index.php\/wp-json\/wp\/v2\/posts\/5492"}],"collection":[{"href":"https:\/\/krankenhauspfarramt.de\/index.php\/wp-json\/wp\/v2\/posts"}],"about":[{"href":"https:\/\/krankenhauspfarramt.de\/index.php\/wp-json\/wp\/v2\/types\/post"}],"author":[{"embeddable":true,"href":"https:\/\/krankenhauspfarramt.de\/index.php\/wp-json\/wp\/v2\/users\/1"}],"replies":[{"embeddable":true,"href":"https:\/\/krankenhauspfarramt.de\/index.php\/wp-json\/wp\/v2\/comments?post=5492"}],"version-history":[{"count":1,"href":"https:\/\/krankenhauspfarramt.de\/index.php\/wp-json\/wp\/v2\/posts\/5492\/revisions"}],"predecessor-version":[{"id":5494,"href":"https:\/\/krankenhauspfarramt.de\/index.php\/wp-json\/wp\/v2\/posts\/5492\/revisions\/5494"}],"wp:featuredmedia":[{"embeddable":true,"href":"https:\/\/krankenhauspfarramt.de\/index.php\/wp-json\/wp\/v2\/media\/5493"}],"wp:attachment":[{"href":"https:\/\/krankenhauspfarramt.de\/index.php\/wp-json\/wp\/v2\/media?parent=5492"}],"wp:term":[{"taxonomy":"category","embeddable":true,"href":"https:\/\/krankenhauspfarramt.de\/index.php\/wp-json\/wp\/v2\/categories?post=5492"},{"taxonomy":"post_tag","embeddable":true,"href":"https:\/\/krankenhauspfarramt.de\/index.php\/wp-json\/wp\/v2\/tags?post=5492"}],"curies":[{"name":"wp","href":"https:\/\/api.w.org\/{rel}","templated":true}]}}