{"id":5516,"date":"2023-03-29T09:21:14","date_gmt":"2023-03-29T09:21:14","guid":{"rendered":"https:\/\/krankenhauspfarramt.de\/index.php\/2023\/03\/29\/stiftung-bewilligte-hilfen-fuer-fast-24-000-betroffene-ekd\/"},"modified":"2023-03-29T09:21:16","modified_gmt":"2023-03-29T09:21:16","slug":"stiftung-bewilligte-hilfen-fuer-fast-24-000-betroffene-ekd","status":"publish","type":"post","link":"https:\/\/krankenhauspfarramt.de\/index.php\/2023\/03\/29\/stiftung-bewilligte-hilfen-fuer-fast-24-000-betroffene-ekd\/","title":{"rendered":"Stiftung bewilligte Hilfen f\u00fcr fast 24.000 Betroffene \u2013 EKD"},"content":{"rendered":"<p> <br \/>\n<\/p>\n<div>\n<p>Schon 2012 wurde von Bund, L\u00e4ndern sowie evangelischer und katholischer Kirchen, die ebenfalls Tr\u00e4ger vieler Einrichtungen waren, ein Fonds zur Entsch\u00e4digung von Heimkindern eingerichtet. Opfer brutaler Behandlung in Behinderteneinrichtungen und der Psychiatrie wurden damals zun\u00e4chst nicht ber\u00fccksichtigt, was auf langandauernden Protest von Behindertenverb\u00e4nden stie\u00df.<\/p>\n<p>Erst 2017 wurde die Stiftung Anerkennung und Hilfe gegr\u00fcndet, um auch ihr Leid anzuerkennen. Betroffene konnten eine Einmalzahlung von 9.000 Euro sowie Rentenersatzleistungen von bis zu 5.000 Euro erhalten. Tr\u00e4ger der Stiftung waren erneut Bund, L\u00e4nder und Kirchen.<\/p>\n<p>Wie Bundesarbeitsministerium und Kirchen mitteilten, wurden in den entsprechenden Zeitr\u00e4umen rund 256.000 Kinder und Jugendliche in Einrichtungen der Behindertenhilfe oder Psychiatrie untergebracht. Hilfen bekamen den Angaben zufolge 23.837 Betroffene. Die Antragsfrist wurde mehrfach verl\u00e4ngert.<\/p>\n<\/p><\/div>\n","protected":false},"excerpt":{"rendered":"<p>Schon 2012 wurde von Bund, L\u00e4ndern sowie evangelischer und katholischer Kirchen, die ebenfalls Tr\u00e4ger vieler Einrichtungen waren, ein Fonds zur<\/p>\n","protected":false},"author":1,"featured_media":5517,"comment_status":"closed","ping_status":"closed","sticky":false,"template":"","format":"standard","meta":{"footnotes":""},"categories":[20],"tags":[],"_links":{"self":[{"href":"https:\/\/krankenhauspfarramt.de\/index.php\/wp-json\/wp\/v2\/posts\/5516"}],"collection":[{"href":"https:\/\/krankenhauspfarramt.de\/index.php\/wp-json\/wp\/v2\/posts"}],"about":[{"href":"https:\/\/krankenhauspfarramt.de\/index.php\/wp-json\/wp\/v2\/types\/post"}],"author":[{"embeddable":true,"href":"https:\/\/krankenhauspfarramt.de\/index.php\/wp-json\/wp\/v2\/users\/1"}],"replies":[{"embeddable":true,"href":"https:\/\/krankenhauspfarramt.de\/index.php\/wp-json\/wp\/v2\/comments?post=5516"}],"version-history":[{"count":1,"href":"https:\/\/krankenhauspfarramt.de\/index.php\/wp-json\/wp\/v2\/posts\/5516\/revisions"}],"predecessor-version":[{"id":5518,"href":"https:\/\/krankenhauspfarramt.de\/index.php\/wp-json\/wp\/v2\/posts\/5516\/revisions\/5518"}],"wp:featuredmedia":[{"embeddable":true,"href":"https:\/\/krankenhauspfarramt.de\/index.php\/wp-json\/wp\/v2\/media\/5517"}],"wp:attachment":[{"href":"https:\/\/krankenhauspfarramt.de\/index.php\/wp-json\/wp\/v2\/media?parent=5516"}],"wp:term":[{"taxonomy":"category","embeddable":true,"href":"https:\/\/krankenhauspfarramt.de\/index.php\/wp-json\/wp\/v2\/categories?post=5516"},{"taxonomy":"post_tag","embeddable":true,"href":"https:\/\/krankenhauspfarramt.de\/index.php\/wp-json\/wp\/v2\/tags?post=5516"}],"curies":[{"name":"wp","href":"https:\/\/api.w.org\/{rel}","templated":true}]}}