{"id":5519,"date":"2023-03-29T11:44:00","date_gmt":"2023-03-29T11:44:00","guid":{"rendered":"https:\/\/krankenhauspfarramt.de\/index.php\/2023\/03\/29\/die-zeit-zu-handeln-ist-jetzt-ekd-2\/"},"modified":"2023-03-29T11:44:01","modified_gmt":"2023-03-29T11:44:01","slug":"die-zeit-zu-handeln-ist-jetzt-ekd-2","status":"publish","type":"post","link":"https:\/\/krankenhauspfarramt.de\/index.php\/2023\/03\/29\/die-zeit-zu-handeln-ist-jetzt-ekd-2\/","title":{"rendered":"Die Zeit zu handeln ist jetzt! \u2013 EKD"},"content":{"rendered":"<p> <br \/>\n<\/p>\n<div id=\"\">\n<div class=\"article--meta article--meta__border clearfix\">\n<p>                                    <time datetime=\"29.03.2023 09:45\" class=\"article--time\">29.03.2023<\/time><\/p>\n<p>                                     <strong class=\"article--type primus--overline\">Pressemitteilung<\/strong><\/p>\n<picture class=\"article--source-image image\"><source srcset=\"https:\/\/www.ekd.de\/ekd_de\/ds_img\/assets\/20170622_ekd-Quellenlogo_141_rdax_423x118.png\"><!--<source srcset=\"\/ekd_de\/ds_img\/assets\/20170622_ekd-Quellenlogo_141_rdax_141x39.png 1x, \/ekd_de\/ds_img\/assets\/20170622_ekd-Quellenlogo_141_rdax_282x78.png 2x, https:\/\/www.ekd.de\/ekd_de\/ds_img\/assets\/20170622_ekd-Quellenlogo_141_rdax_423x118.png 3x\">--><\/p>\n<p>    <\/source><\/picture>\n<\/p><\/div>\n<h2 class=\"article--sub-headline primus--sub-headline\">Halbzeitbilanz zur Umsetzung der Agenda 2030 in Gesellschaft, Kirche und Diakonie\/Kongress vom 19. &#8211; 20.06.2023 in Berlin, Friedrichstadtkirche<\/h2>\n<\/p><\/div>\n<div id=\"\">\n<p class=\"EKDFlietext\">In diesem Jahr startet die zweite Halbzeit der Agenda 2030 f\u00fcr Nachhaltige Entwicklung. Es bleiben noch 7,5 Jahre, um diese ehrgeizige Transformationsagenda der internationalen Staatengemeinschaft mit ihren 17\u00a0Zielen f\u00fcr eine nachhaltige Entwicklung einzul\u00f6sen.<\/p>\n<p class=\"EKDFlietext\">Im Rahmen eines Kongresses vom 19.-20.6.2023 in Berlin laden die Evangelische Kirche in Deutschland, Brot f\u00fcr die Welt, Diakonie Deutschland und die Akademie des Versicherers im Raum der Kirchen zu einer Halbzeitbilanz ein. Der Kongress soll aber auch Handlungsoptionen aufzeigen und zum Engagement ermutigen. Zentral wird bei allen Debatten im Plenum und in den Workshops die Frage sein: Wie kommen wir endlich ins Handeln? Wie kann eine sozial-\u00f6kologische Transformation gelingen, die n\u00f6tig ist, um der Umsetzung der Agenda 2030 deutlich n\u00e4her zu kommen?<\/p>\n<p class=\"EKDFlietext\">Die Vereinten Nationen haben die 2020er Jahre zu einer \u201eDekade des Handelns\u201c f\u00fcr die Verwirklichung der Sustainable Development Goals (SDGs) erkl\u00e4rt. Doch noch immer hinkt der Umsetzungsstand der siebzehn Ziele zur \u00dcberwindung von Armut, Hunger und Ungleichheit, f\u00fcr eine nachhaltige Wirtschaftsweise, f\u00fcr Klimaschutz und Friedenssicherung, dem Zeitplan weit hinterher. Pandemie, Klimakrise und nicht zuletzt der russische Krieg gegen die Ukraine und seine internationalen Folgen haben manche bereits erreichten Fortschritte wieder zunichte gemacht.<\/p>\n<p class=\"EKDFlietext\">Andere Entwicklungen machen Mut und zeigen, dass sich an vielen Orten eine sozial-\u00f6kologische Transformation schon vollzieht und Menschen weltweit f\u00fcr eine enkeltaugliche Welt eintreten. Der Kongress wird den Umsetzungsstand der SDGs weltweit und in Deutschland einer kritischen Bilanz unterziehen. Er soll dar\u00fcber hinaus Raum schaffen auch die eigene Praxis in Kirche und Diakonie in den Blick zu nehmen. Anhand konkreter Praxisfelder sollen bestehende Transformationsblockaden und Zielkonflikte diskutiert, aber auch wirkungsvolle Transformationshebel identifiziert werden. Im Gespr\u00e4ch mit Vertreter*innen aus Zivilgesellschaft, \u00d6kumene, Wirtschaft und Politik sollen Handlungsoptionen und Perspektiven zur sozial-\u00f6kologischen Transformation entwickelt werden. Wir freuen uns auf Impulse von nationalen und internationalen Fachleuten und hochrangigen Vertreter*innen aus Politik, Wissenschaft und Kirche.<\/p>\n<p class=\"EKDFlietext\">Der Kongress wird am 19.06.2023 um 13 Uhr beginnen und endet am 20.06.2023 um 13 Uhr. Erwartet werden mehr als 200 Teilnehmer*innen. Eingeladen sind Engagierte und Interessierte aus Kirche, Diakonie, Wirtschaft und Zivilgesellschaft. Unter den Mitwirkenden sind z. B. Untergeneralsekret\u00e4r der UN und Leiter des UN Entwicklungsprogramms Achim Steiner, Ministerin Schulze vom Bundesministerium f\u00fcr wirtschaftliche Zusammenarbeit und Entwicklung sowie Prof. Brunnhuber vom Club of Rome. Die Teilnahme ist kostenfrei. Anreise und \u00dcbernachtung sind selbst zu organisieren.<\/p>\n<p class=\"EKDFlietext\">Veranstalter*innen des Kongresses sind die Akademie des Versicherers im Raum der Kirchen, Brot f\u00fcr die Welt, Diakonie Deutschland und die Evangelische Kirche in Deutschland (EKD).<\/p>\n<p class=\"EKDFlietext\">Programm und Anmeldem\u00f6glichkeit:<\/p>\n<p class=\"EKDFlietext\">\n<blockquote class=\"wp-embedded-content\" data-secret=\"PORHRBvQic\"><p><a href=\"https:\/\/vrk-akademie.de\/die-zeit-zu-handeln-ist-jetzt-halbzeitbilanz-zur-umsetzung-der-agenda-2030-in-gesellschaft-kirche-und-diakonie\/\">Die Zeit zu handeln ist jetzt! Halbzeitbilanz zur Umsetzung der Agenda 2030 in Gesellschaft, Kirche und Diakonie<\/a><\/p><\/blockquote>\n<p><iframe class=\"wp-embedded-content\" sandbox=\"allow-scripts\" security=\"restricted\" style=\"position: absolute; clip: rect(1px, 1px, 1px, 1px);\" title=\"&#8222;Die Zeit zu handeln ist jetzt! Halbzeitbilanz zur Umsetzung der Agenda 2030 in Gesellschaft, Kirche und Diakonie&#8220; &#8212; Die Akademie\" src=\"https:\/\/vrk-akademie.de\/die-zeit-zu-handeln-ist-jetzt-halbzeitbilanz-zur-umsetzung-der-agenda-2030-in-gesellschaft-kirche-und-diakonie\/embed\/#?secret=M5cgdzj28j#?secret=PORHRBvQic\" data-secret=\"PORHRBvQic\" width=\"500\" height=\"282\" frameborder=\"0\" marginwidth=\"0\" marginheight=\"0\" scrolling=\"no\"><\/iframe><\/p>\n<p class=\"EKDAdresse\">Hannover, 29. M\u00e4rz 2023<\/p>\n<p class=\"EKDAdresse\">Pressestelle der EKD<br \/>Annika Lukas<\/p>\n<\/div>\n","protected":false},"excerpt":{"rendered":"<p>29.03.2023 Pressemitteilung Halbzeitbilanz zur Umsetzung der Agenda 2030 in Gesellschaft, Kirche und Diakonie\/Kongress vom 19. &#8211; 20.06.2023 in Berlin, Friedrichstadtkirche<\/p>\n","protected":false},"author":1,"featured_media":569,"comment_status":"closed","ping_status":"closed","sticky":false,"template":"","format":"standard","meta":{"footnotes":""},"categories":[20],"tags":[],"_links":{"self":[{"href":"https:\/\/krankenhauspfarramt.de\/index.php\/wp-json\/wp\/v2\/posts\/5519"}],"collection":[{"href":"https:\/\/krankenhauspfarramt.de\/index.php\/wp-json\/wp\/v2\/posts"}],"about":[{"href":"https:\/\/krankenhauspfarramt.de\/index.php\/wp-json\/wp\/v2\/types\/post"}],"author":[{"embeddable":true,"href":"https:\/\/krankenhauspfarramt.de\/index.php\/wp-json\/wp\/v2\/users\/1"}],"replies":[{"embeddable":true,"href":"https:\/\/krankenhauspfarramt.de\/index.php\/wp-json\/wp\/v2\/comments?post=5519"}],"version-history":[{"count":1,"href":"https:\/\/krankenhauspfarramt.de\/index.php\/wp-json\/wp\/v2\/posts\/5519\/revisions"}],"predecessor-version":[{"id":5520,"href":"https:\/\/krankenhauspfarramt.de\/index.php\/wp-json\/wp\/v2\/posts\/5519\/revisions\/5520"}],"wp:featuredmedia":[{"embeddable":true,"href":"https:\/\/krankenhauspfarramt.de\/index.php\/wp-json\/wp\/v2\/media\/569"}],"wp:attachment":[{"href":"https:\/\/krankenhauspfarramt.de\/index.php\/wp-json\/wp\/v2\/media?parent=5519"}],"wp:term":[{"taxonomy":"category","embeddable":true,"href":"https:\/\/krankenhauspfarramt.de\/index.php\/wp-json\/wp\/v2\/categories?post=5519"},{"taxonomy":"post_tag","embeddable":true,"href":"https:\/\/krankenhauspfarramt.de\/index.php\/wp-json\/wp\/v2\/tags?post=5519"}],"curies":[{"name":"wp","href":"https:\/\/api.w.org\/{rel}","templated":true}]}}