{"id":5524,"date":"2023-03-30T18:14:08","date_gmt":"2023-03-30T18:14:08","guid":{"rendered":"https:\/\/krankenhauspfarramt.de\/index.php\/2023\/03\/30\/muenchner-regionalbischof-kopp-neuer-bayerischer-landesbischof-ekd\/"},"modified":"2023-03-30T18:14:10","modified_gmt":"2023-03-30T18:14:10","slug":"muenchner-regionalbischof-kopp-neuer-bayerischer-landesbischof-ekd","status":"publish","type":"post","link":"https:\/\/krankenhauspfarramt.de\/index.php\/2023\/03\/30\/muenchner-regionalbischof-kopp-neuer-bayerischer-landesbischof-ekd\/","title":{"rendered":"M\u00fcnchner Regionalbischof Kopp neuer bayerischer Landesbischof \u2013 EKD"},"content":{"rendered":"<p> <br \/>\n<\/p>\n<div>\n<p>Kopp sagte, er nehme die Wahl \u201emit Freuden\u201c und \u201esehr gro\u00dfem Respekt\u201c. Er danke \u201esehr, sehr herzlich\u201c f\u00fcr das Vertrauen: \u201eWir alle haben anstrengende Tage hinter uns, und die hinterlassen Spuren\u201c, sagte Kopp. Er dankte den drei anderen Kandidierenden, neben Lubomierski standen am Montag auch noch die Direktorin von \u201eMission EineWelt\u201c, Gabriele Hoerschelmann (55), und der Windsbacher Dekan Klaus Schlicker (56) zur Wahl. \u201eAuch f\u00fcr euch waren das unfassbar anstrengende Tage\u201c, sagte Kopp.<\/p>\n<p>\u201eJetzt m\u00fcssen wir wieder zusammenfinden\u201c, sagte Kopp. Er glaube aber, dass die Synode trotz der beiden ben\u00f6tigten Wahl-Anl\u00e4ufe \u201ebeieinander ist\u201c. Er sei der festen \u00dcberzeugung, dass es \u201enur gemeinsam\u201c gehe, die Kirche stehe vor herausfordernden Zeiten. Kirche sollte sich auf das konzentrieren, was sie ausmache, sagte er. Das sei etwa die Seelsorge, die im Mittelpunkt der kirchlichen Arbeit stehe. \u201eIch bin jetzt ziemlich platt und deshalb h\u00f6re ich jetzt auch auf\u201c, sagte der M\u00fcnchner Noch-Regionalbischof zum Abschluss seines ersten Statements. Die Wahl nehme er &#8211; wie alles in seinem Leben &#8211; \u201eaus Gottes Hand\u201c.<\/p>\n<p>Die Ratsvorsitzende der EKD, Pr\u00e4ses Annette Kurschus, gratulierte sehr herzlich mit den Worten:\u00a0\u201eIch freue mich, dass mit Ihnen ein ausgewiesener Netzwerker das Steuer \u00fcbernimmt. Sie bringen als Theologe und Organisationsberater eine reiche Erfahrung mit als Pfarrer auf dem Land und in der Stadt, auf unterschiedlichen kirchlichen Ebenen als Dorfpastor, Dekan und Regionalbischof.\u00a0[&#8230;]\u00a0Sie gehen positiv an die Dinge heran, wollen verst\u00e4rken, was gut l\u00e4uft. Zugleich sind Sie offen f\u00fcr neue Wege, suchend und experimentierbereit. Angesichts der vielf\u00e4ltigen Herausforderungen, vor denen unsere Kirche steht, braucht es in diesem Amt solche mutige Offenheit und eine im Glauben selbst gegr\u00fcndete Hoffnung.\u00a0[&#8230;] Auf die pers\u00f6nliche Begegnung und Zusammenarbeit mit Ihnen freue ich mich daher sehr.\u201c<\/p>\n<p>Kopp folgt auf den noch amtierenden Landesbischof Heinrich Bedford-Strohm, dessen Amtszeit nach zw\u00f6lf Jahren am 31. Oktober endet. Bedford-Strohms Verabschiedung und Kopps Amtseinf\u00fchrung sollen am 29. Oktober 2023 in der N\u00fcrnberger St. Lorenzkirche stattfinden.<\/p>\n<\/p><\/div>\n","protected":false},"excerpt":{"rendered":"<p>Kopp sagte, er nehme die Wahl \u201emit Freuden\u201c und \u201esehr gro\u00dfem Respekt\u201c. Er danke \u201esehr, sehr herzlich\u201c f\u00fcr das Vertrauen:<\/p>\n","protected":false},"author":1,"featured_media":5525,"comment_status":"closed","ping_status":"closed","sticky":false,"template":"","format":"standard","meta":{"footnotes":""},"categories":[20],"tags":[],"_links":{"self":[{"href":"https:\/\/krankenhauspfarramt.de\/index.php\/wp-json\/wp\/v2\/posts\/5524"}],"collection":[{"href":"https:\/\/krankenhauspfarramt.de\/index.php\/wp-json\/wp\/v2\/posts"}],"about":[{"href":"https:\/\/krankenhauspfarramt.de\/index.php\/wp-json\/wp\/v2\/types\/post"}],"author":[{"embeddable":true,"href":"https:\/\/krankenhauspfarramt.de\/index.php\/wp-json\/wp\/v2\/users\/1"}],"replies":[{"embeddable":true,"href":"https:\/\/krankenhauspfarramt.de\/index.php\/wp-json\/wp\/v2\/comments?post=5524"}],"version-history":[{"count":1,"href":"https:\/\/krankenhauspfarramt.de\/index.php\/wp-json\/wp\/v2\/posts\/5524\/revisions"}],"predecessor-version":[{"id":5526,"href":"https:\/\/krankenhauspfarramt.de\/index.php\/wp-json\/wp\/v2\/posts\/5524\/revisions\/5526"}],"wp:featuredmedia":[{"embeddable":true,"href":"https:\/\/krankenhauspfarramt.de\/index.php\/wp-json\/wp\/v2\/media\/5525"}],"wp:attachment":[{"href":"https:\/\/krankenhauspfarramt.de\/index.php\/wp-json\/wp\/v2\/media?parent=5524"}],"wp:term":[{"taxonomy":"category","embeddable":true,"href":"https:\/\/krankenhauspfarramt.de\/index.php\/wp-json\/wp\/v2\/categories?post=5524"},{"taxonomy":"post_tag","embeddable":true,"href":"https:\/\/krankenhauspfarramt.de\/index.php\/wp-json\/wp\/v2\/tags?post=5524"}],"curies":[{"name":"wp","href":"https:\/\/api.w.org\/{rel}","templated":true}]}}