{"id":5527,"date":"2023-03-31T08:56:49","date_gmt":"2023-03-31T08:56:49","guid":{"rendered":"https:\/\/krankenhauspfarramt.de\/index.php\/2023\/03\/31\/kiba-kirche-des-monats-april-2023-in-selben-ekd\/"},"modified":"2023-03-31T08:56:51","modified_gmt":"2023-03-31T08:56:51","slug":"kiba-kirche-des-monats-april-2023-in-selben-ekd","status":"publish","type":"post","link":"https:\/\/krankenhauspfarramt.de\/index.php\/2023\/03\/31\/kiba-kirche-des-monats-april-2023-in-selben-ekd\/","title":{"rendered":"\u201eKiBa-Kirche des Monats April 2023\u201c in Selben \u2013 EKD"},"content":{"rendered":"<p> <br \/>\n<\/p>\n<div id=\"\">\n<div class=\"article--meta article--meta__border clearfix\">\n<p>                                    <time datetime=\"31.03.2023 09:00\" class=\"article--time\">31.03.2023<\/time><\/p>\n<p>                                     <strong class=\"article--type primus--overline\">Pressemitteilung<\/strong><\/p>\n<picture class=\"article--source-image image\"><source srcset=\"https:\/\/www.ekd.de\/ekd_de\/ds_img\/assets\/20170622_ekd-Quellenlogo_141_rdax_423x118.png\"><!--<source srcset=\"\/ekd_de\/ds_img\/assets\/20170622_ekd-Quellenlogo_141_rdax_141x39.png 1x, \/ekd_de\/ds_img\/assets\/20170622_ekd-Quellenlogo_141_rdax_282x78.png 2x, https:\/\/www.ekd.de\/ekd_de\/ds_img\/assets\/20170622_ekd-Quellenlogo_141_rdax_423x118.png 3x\">--><\/p>\n<p>    <\/source><\/picture>\n<\/p><\/div>\n<h2 class=\"article--sub-headline primus--sub-headline\">Ein Dorf gibt nicht auf<\/h2>\n<\/p><\/div>\n<div id=\"\">\n<p>Die Dorfkirche in Selben war schon dem Verfall preisgegeben. Doch seit 2006 engagiert man sich in dem s\u00e4chsischen Ort mit Nachdruck daf\u00fcr, das aus dem Sp\u00e4tmittelalter stammende Gotteshaus wieder zum lebendigen Mittelpunkt des Dorfes zu machen. Die von der Evangelischen Kirche in Deutschland (EKD) gegr\u00fcndete Stiftung zur Bewahrung kirchlicher Baudenkm\u00e4ler in Deutschland (Stiftung KiBa) unterst\u00fctzt die Instandsetzung ihrer \u201eKirche des Monats April 2023\u201c mit 20.000 Euro.<\/p>\n<p>Um 1500 wurde die Dorfkirche in Selben erbaut und geh\u00f6rt damit zu den \u00e4ltesten Gottesh\u00e4usern in Nordsachsen. Anfang des 18. Jahrhunderts erhielt die Kirche ihren aus Holz gefertigten Kanzelaltar im Stil des Barock. Das flach gegr\u00fcndete Fundament besteht aus Steinen, die in ein Gemisch aus Kalk und Sandstein eingebettet sind. In dem morastigen Gel\u00e4nde der Region hatte sich diese Bauweise jahrhundertelang bew\u00e4hrt &#8211; dann begann der Braunkohle-Tagebau und der Grundwasserspiegel sank. Die Folgen f\u00fcr das Kirchengeb\u00e4ude: Der Fu\u00dfboden senkte sich an einigen Stellen gef\u00e4hrlich ab, die Statik geriet ins Wanken. Die Gemeinde gab die Kirche zun\u00e4chst auf; kurz danach gr\u00fcndete sich jedoch der \u201eF\u00f6rderkreis Kirche Selben\u201c, suchte und fand Gelder: Das Geb\u00e4ude wurde notgesichert, das Kirchenschiff trockengelegt, das Dach neu eingedeckt und der Glockenstuhl restauriert. Die Stiftung KiBa unterst\u00fctzte die Sanierung des Gotteshauses in den Jahren 2009 und 2017 mit insgesamt 40.000 Euro.<\/p>\n<p>Auch als nach Beendigung der Braunkohle-F\u00f6rderung der Grundwasserspiegel wieder anstieg, blieben Statik und Fu\u00dfboden der Selbener Kirche in Bewegung. 2019 musste das Geb\u00e4ude ein zweites Mal geschlossen werden. \u201eAber die Menschen hier geben nicht auf\u201c, sagt Pfarrer Daniel Senf. Ein Konzept f\u00fcr die Instandsetzung der Raumschale und die statische Sicherung des Bauwerks ist erstellt; noch in diesem Jahr sollen die Arbeiten beginnen. N\u00f6tig sind 117.500 Euro f\u00fcr den ersten Bauabschnitt, rund 450.000 Euro f\u00fcr insgesamt drei Abschnitte. Spenden, berichtet Daniel Senf, kommen mehrmals im Jahr insbesondere zu festen Ortsterminen zusammen: \u201eZum Beispiel beim Osterfeuer erwarten wir mehrere hundert Menschen hier.\u201c<\/p>\n<p>Wenn die Kirche saniert ist, hofft Pfarrer Daniel Senf, dass sie als Ort der Begegnung mit Gott, aber auch als \u201eVerwirklichungsraum\u201c f\u00fcr alle Generationen im Dorf angenommen wird. \u201eDie Kirche hat schon jetzt eine sehr gro\u00dfe integrative Kraft und k\u00f6nnte k\u00fcnftig ein Raum sein, an dem die Selbener mit der eigenen Herkunft in Ber\u00fchrung kommen &#8211; und mit christlichen Werten, die gerade jetzt so wichtig sind: N\u00e4chstenliebe und Demut\u201c.<\/p>\n<p><em>Die Stiftung zur Bewahrung kirchlicher Baudenkm\u00e4ler in Deutschland (Stiftung KiBa) ist eine Stiftung der EKD und der evangelischen Landeskirchen. Seit 1999 hat sie Zusagen f\u00fcr Sanierungsvorhaben in H\u00f6he von rund 35,5 Millionen Euro geben k\u00f6nnen. F\u00fcr dieses Jahr hat die KiBa bislang F\u00f6rderzusagen von mehr als einer Million Euro vorgesehen. Rund 3.800 Mitglieder engagieren sich bundesweit im \u201eF\u00f6rderverein der Stiftung KiBa e. V.\u201c Weitere Informationen unter <\/em><em>www.stiftung-kiba.de<\/em><em>.<\/em><\/p>\n<p class=\"EKDAdressdaten\">Hannover, 31. M\u00e4rz 2023<\/p>\n<p class=\"EKDAdressdaten\">Pressestelle der EKD<\/p>\n<\/div>\n","protected":false},"excerpt":{"rendered":"<p>31.03.2023 Pressemitteilung Ein Dorf gibt nicht auf Die Dorfkirche in Selben war schon dem Verfall preisgegeben. Doch seit 2006 engagiert<\/p>\n","protected":false},"author":1,"featured_media":569,"comment_status":"closed","ping_status":"closed","sticky":false,"template":"","format":"standard","meta":{"footnotes":""},"categories":[20],"tags":[],"_links":{"self":[{"href":"https:\/\/krankenhauspfarramt.de\/index.php\/wp-json\/wp\/v2\/posts\/5527"}],"collection":[{"href":"https:\/\/krankenhauspfarramt.de\/index.php\/wp-json\/wp\/v2\/posts"}],"about":[{"href":"https:\/\/krankenhauspfarramt.de\/index.php\/wp-json\/wp\/v2\/types\/post"}],"author":[{"embeddable":true,"href":"https:\/\/krankenhauspfarramt.de\/index.php\/wp-json\/wp\/v2\/users\/1"}],"replies":[{"embeddable":true,"href":"https:\/\/krankenhauspfarramt.de\/index.php\/wp-json\/wp\/v2\/comments?post=5527"}],"version-history":[{"count":1,"href":"https:\/\/krankenhauspfarramt.de\/index.php\/wp-json\/wp\/v2\/posts\/5527\/revisions"}],"predecessor-version":[{"id":5528,"href":"https:\/\/krankenhauspfarramt.de\/index.php\/wp-json\/wp\/v2\/posts\/5527\/revisions\/5528"}],"wp:featuredmedia":[{"embeddable":true,"href":"https:\/\/krankenhauspfarramt.de\/index.php\/wp-json\/wp\/v2\/media\/569"}],"wp:attachment":[{"href":"https:\/\/krankenhauspfarramt.de\/index.php\/wp-json\/wp\/v2\/media?parent=5527"}],"wp:term":[{"taxonomy":"category","embeddable":true,"href":"https:\/\/krankenhauspfarramt.de\/index.php\/wp-json\/wp\/v2\/categories?post=5527"},{"taxonomy":"post_tag","embeddable":true,"href":"https:\/\/krankenhauspfarramt.de\/index.php\/wp-json\/wp\/v2\/tags?post=5527"}],"curies":[{"name":"wp","href":"https:\/\/api.w.org\/{rel}","templated":true}]}}