{"id":5529,"date":"2023-03-31T13:06:17","date_gmt":"2023-03-31T13:06:17","guid":{"rendered":"https:\/\/krankenhauspfarramt.de\/index.php\/2023\/03\/31\/reich-an-erfahrung-und-gut-vernetzt-velkd-bischof-meister-gratuliert-dem-neuen-bayerischen-landesbischof-christian-kopp-ekd\/"},"modified":"2023-03-31T13:06:22","modified_gmt":"2023-03-31T13:06:22","slug":"reich-an-erfahrung-und-gut-vernetzt-velkd-bischof-meister-gratuliert-dem-neuen-bayerischen-landesbischof-christian-kopp-ekd","status":"publish","type":"post","link":"https:\/\/krankenhauspfarramt.de\/index.php\/2023\/03\/31\/reich-an-erfahrung-und-gut-vernetzt-velkd-bischof-meister-gratuliert-dem-neuen-bayerischen-landesbischof-christian-kopp-ekd\/","title":{"rendered":"\u201eReich an Erfahrung und gut vernetzt\u201c \u2013 VELKD-Bischof Meister gratuliert dem neuen bayerischen Landesbischof Christian Kopp \u2013 EKD"},"content":{"rendered":"<p> <br \/>\n<\/p>\n<div id=\"\">\n<div class=\"article--meta article--meta__border clearfix\">\n<p>                                    <time datetime=\"31.03.2023 08:00\" class=\"article--time\">31.03.2023<\/time><\/p>\n<p>                                     <strong class=\"article--type primus--overline\">Pressemitteilung<\/strong><\/p>\n<picture class=\"article--source-image image\"><source srcset=\"https:\/\/www.ekd.de\/ekd_de\/ds_img\/assets\/velkd.jpg\"><!--<source srcset=\"\/ekd_de\/ds_img\/assets\/velkd_rdax_141x141.jpg 1x, \/ekd_de\/ds_img\/assets\/velkd_rdax_282x282.jpg 2x, https:\/\/www.ekd.de\/ekd_de\/ds_img\/assets\/velkd.jpg 3x\">--><\/p>\n<p>    <\/source><\/picture>\n<\/p><\/div><\/div>\n<div id=\"\">\n<p><span style=\"letter-spacing:-.2pt\">Der Leitende Bischof der Vereinigten Evangelisch-Lutherischen Kirche Deutschlands (VELKD), Ralf Meister, gratuliert dem neu gew\u00e4hlten Landesbischof der Evangelisch-Lutherischen Kirche in Bayern, Christian Kopp, und freut sich auf die Zusammenarbeit in der Bischofskonferenz der VELKD.<\/span><\/p>\n<p>\u201eChristian Kopp bringt einen reichen Erfahrungsschatz ein, von dem die Weiterentwicklung der VELKD in der Bischofskonferenz nur profitieren kann\u201c, sagte Meister, der zugleich Landesbischof von Hannover ist. \u201eEr hat als Pfarrer auf dem Land und in der Stadt gearbeitet, ist durch seine Aufgaben im Landeskirchenamt bestens vernetzt und besitzt eine gro\u00dfe Expertise in der \u00d6kumene.\u201c Auch seine Ausbildung zum Gemeinde- und Organisationsberater sei hilfreich, wenn es um die \u00c4nderung von Strukturen gehe. \u201eIch w\u00fcnsche Bischof Kopp f\u00fcr seine neue Aufgabe viel Kreativit\u00e4t, Feingef\u00fchl und Gottes Segen.\u201c<\/p>\n<p>Christian Kopp ist derzeit Regionalbischof des Kirchenkreises M\u00fcnchen und Oberbayern. Der 59-J\u00e4hrige wurde am Donnerstag im ersten Wahlgang des zweiten Wahltages zum Nachfolger von Heinrich Bedford-Strohm als Landesbischof gew\u00e4hlt, nachdem am Montag, dem ersten Wahltag, die erforderliche Mehrheit auch nach sechs Wahlg\u00e4ngen nicht zustande kam. Bedford-Strohm wird am Reformationstag, dem 31. Oktober, aus dem aktiven Dienst ausscheiden. Die Evangelisch-Lutherische Kirche in Bayern ist mit rund 2,2 Millionen Mitgliedern die nach Hannover zweitgr\u00f6\u00dfte Landeskirche in der VELKD.<\/p>\n<p>Hannover, 30. M\u00e4rz 2023<\/p>\n<p class=\"VELKDFlietext\" style=\"margin-bottom:0cm; margin-left:0cm; margin-right:8.1pt; margin-top:0cm\">Pressestelle der VELKD<\/p>\n<p class=\"VELKDFlietext\" style=\"margin-bottom:0cm; margin-left:0cm; margin-right:8.1pt; margin-top:0cm\">Dr. Frank Hofmann<\/p>\n<\/div>\n","protected":false},"excerpt":{"rendered":"<p>31.03.2023 Pressemitteilung Der Leitende Bischof der Vereinigten Evangelisch-Lutherischen Kirche Deutschlands (VELKD), Ralf Meister, gratuliert dem neu gew\u00e4hlten Landesbischof der Evangelisch-Lutherischen<\/p>\n","protected":false},"author":1,"featured_media":611,"comment_status":"closed","ping_status":"closed","sticky":false,"template":"","format":"standard","meta":{"footnotes":""},"categories":[20],"tags":[],"_links":{"self":[{"href":"https:\/\/krankenhauspfarramt.de\/index.php\/wp-json\/wp\/v2\/posts\/5529"}],"collection":[{"href":"https:\/\/krankenhauspfarramt.de\/index.php\/wp-json\/wp\/v2\/posts"}],"about":[{"href":"https:\/\/krankenhauspfarramt.de\/index.php\/wp-json\/wp\/v2\/types\/post"}],"author":[{"embeddable":true,"href":"https:\/\/krankenhauspfarramt.de\/index.php\/wp-json\/wp\/v2\/users\/1"}],"replies":[{"embeddable":true,"href":"https:\/\/krankenhauspfarramt.de\/index.php\/wp-json\/wp\/v2\/comments?post=5529"}],"version-history":[{"count":1,"href":"https:\/\/krankenhauspfarramt.de\/index.php\/wp-json\/wp\/v2\/posts\/5529\/revisions"}],"predecessor-version":[{"id":5530,"href":"https:\/\/krankenhauspfarramt.de\/index.php\/wp-json\/wp\/v2\/posts\/5529\/revisions\/5530"}],"wp:featuredmedia":[{"embeddable":true,"href":"https:\/\/krankenhauspfarramt.de\/index.php\/wp-json\/wp\/v2\/media\/611"}],"wp:attachment":[{"href":"https:\/\/krankenhauspfarramt.de\/index.php\/wp-json\/wp\/v2\/media?parent=5529"}],"wp:term":[{"taxonomy":"category","embeddable":true,"href":"https:\/\/krankenhauspfarramt.de\/index.php\/wp-json\/wp\/v2\/categories?post=5529"},{"taxonomy":"post_tag","embeddable":true,"href":"https:\/\/krankenhauspfarramt.de\/index.php\/wp-json\/wp\/v2\/tags?post=5529"}],"curies":[{"name":"wp","href":"https:\/\/api.w.org\/{rel}","templated":true}]}}